{"id":17905,"date":"2018-05-29T09:24:06","date_gmt":"2018-05-29T13:24:06","guid":{"rendered":"http:\/\/www.corumbaonline.com.br\/news\/?p=17905"},"modified":"2018-05-29T10:03:36","modified_gmt":"2018-05-29T14:03:36","slug":"temer-defende-dialogo-e-diz-que-direitos-devem-ser-preservados","status":"publish","type":"post","link":"https:\/\/www.corumbaonline.com.br\/news\/temer-defende-dialogo-e-diz-que-direitos-devem-ser-preservados\/","title":{"rendered":"Temer defende di\u00e1logo e diz que direitos devem ser preservados"},"content":{"rendered":"<p>No momento em que o pa\u00eds enfrenta o nono dia de paralisa\u00e7\u00e3o dos caminhoneiros, o presidente da Rep\u00fablica, Michel Temer, destacou hoje (29) a import\u00e2ncia do di\u00e1logo para a democracia e disse que quando \u201calguns\u201d amea\u00e7am n\u00e3o querer o di\u00e1logo e parar o Brasil, \u00e9 preciso exercer \u201ca autoridade\u201d para preservar os direitos da popula\u00e7\u00e3o.<\/p>\n<p>Temer discursou, nesta ter\u00e7a-feira, na cerim\u00f4nia de abertura do F\u00f3rum de Investimentos Brasil 2018, em S\u00e3o Paulo.<\/p>\n<p>\u201cO di\u00e1logo \u00e9 da pr\u00f3pria ess\u00eancia da pol\u00edtica e da democracia. \u00c9, ali\u00e1s, sua fortaleza. Quando alguns rejeitam o di\u00e1logo e tentam parar o Brasil, exercemos a autoridade para preservar a ordem e os direitos da popula\u00e7\u00e3o, mas antes disso, um di\u00e1logo \u00e9 fundamental, leve quanto tempo levar\u201d, disse.<\/p>\n<p>Temer acrescentou ainda que alguns confundem a voca\u00e7\u00e3o para o di\u00e1logo com eventual leni\u00eancia pol\u00edtica e que, na verdade, \u00e9 exatamente o oposto.<\/p>\n<h2>Reforma da Previd\u00eancia<\/h2>\n<p>O presidente declarou que, apesar de ter sa\u00eddo da pauta legislativa, a reforma da Previd\u00eancia continua na agenda pol\u00edtica. \u201cNingu\u00e9m chegar\u00e1 ao fim deste ano, ou do ano que vem, sem realizar a reforma previdenci\u00e1ria. Por isso, as pr\u00f3ximas elei\u00e7\u00f5es ser\u00e3o distintas das que tivemos desde a redemocratiza\u00e7\u00e3o.\u201d<\/p>\n<p>Para o presidente, os assuntos tidos como fundamentais ser\u00e3o levados em conta pelos eleitores brasileiros. &#8220;[Eles exigir\u00e3o] posi\u00e7\u00f5es claras, planos de governos, propostas concretas e resultados\u201d, disse. \u201cOs brasileiros v\u00e3o querer saber se os candidatos se comprometer\u00e3o com o equil\u00edbrio fiscal ou se aceitaram infla\u00e7\u00e3o alta e juros elevados\u201d, acrescentou o presidente.<\/p>\n","protected":false},"excerpt":{"rendered":"<p>No momento em que o pa\u00eds enfrenta o nono dia de paralisa\u00e7\u00e3o dos caminhoneiros, o&#8230;<\/p>\n","protected":false},"author":1,"featured_media":0,"comment_status":"closed","ping_status":"closed","sticky":false,"template":"","format":"standard","meta":{"footnotes":""},"categories":[19],"tags":[],"class_list":["post-17905","post","type-post","status-publish","format-standard","hentry","category-politica"],"_links":{"self":[{"href":"https:\/\/www.corumbaonline.com.br\/news\/wp-json\/wp\/v2\/posts\/17905","targetHints":{"allow":["GET"]}}],"collection":[{"href":"https:\/\/www.corumbaonline.com.br\/news\/wp-json\/wp\/v2\/posts"}],"about":[{"href":"https:\/\/www.corumbaonline.com.br\/news\/wp-json\/wp\/v2\/types\/post"}],"author":[{"embeddable":true,"href":"https:\/\/www.corumbaonline.com.br\/news\/wp-json\/wp\/v2\/users\/1"}],"replies":[{"embeddable":true,"href":"https:\/\/www.corumbaonline.com.br\/news\/wp-json\/wp\/v2\/comments?post=17905"}],"version-history":[{"count":1,"href":"https:\/\/www.corumbaonline.com.br\/news\/wp-json\/wp\/v2\/posts\/17905\/revisions"}],"predecessor-version":[{"id":17906,"href":"https:\/\/www.corumbaonline.com.br\/news\/wp-json\/wp\/v2\/posts\/17905\/revisions\/17906"}],"wp:attachment":[{"href":"https:\/\/www.corumbaonline.com.br\/news\/wp-json\/wp\/v2\/media?parent=17905"}],"wp:term":[{"taxonomy":"category","embeddable":true,"href":"https:\/\/www.corumbaonline.com.br\/news\/wp-json\/wp\/v2\/categories?post=17905"},{"taxonomy":"post_tag","embeddable":true,"href":"https:\/\/www.corumbaonline.com.br\/news\/wp-json\/wp\/v2\/tags?post=17905"}],"curies":[{"name":"wp","href":"https:\/\/api.w.org\/{rel}","templated":true}]}}