{"id":17911,"date":"2018-05-29T09:52:03","date_gmt":"2018-05-29T13:52:03","guid":{"rendered":"http:\/\/www.corumbaonline.com.br\/news\/?p=17911"},"modified":"2018-05-29T10:13:12","modified_gmt":"2018-05-29T14:13:12","slug":"a-forca-dos-caminhoneiros-e-o-governo","status":"publish","type":"post","link":"https:\/\/www.corumbaonline.com.br\/news\/a-forca-dos-caminhoneiros-e-o-governo\/","title":{"rendered":"A for\u00e7a dos caminhoneiros e o governo"},"content":{"rendered":"<div id=\"yui_3_16_0_1_1527518810594_34342\"><span id=\"yui_3_16_0_1_1527518810594_34343\" style=\"font-family: Calibri;\">Apesar de o governo, atrav\u00e9s do presidente Michel Temer, pessoalmente, ter cedido \u00e0s suas reivindica\u00e7\u00f5es, os caminhoneiros come\u00e7aram a semana indefinidos. Agora tamb\u00e9m querem a a\u00e7\u00e3o governamental pela baixa dos pre\u00e7os da gasolina, etanol, alimentos e outras mercadorias. H\u00e1, ainda, o risco de al\u00e9m dos caminhoneiros continuarem de bra\u00e7os cruzados, outras classes entrarem em greve, como j\u00e1 anunciaram os petroleiros, cuja paralisa\u00e7\u00e3o de 72 horas \u00e9 anunciada para a quinta-feira, dia 31. O governador M\u00e1rcio Fran\u00e7a, que ganhou protagonismo nacional ao mediar a greve no Estado de S\u00e3o Paulo, n\u00e3o tinha na manh\u00e3 desta segunda-feira, seguran\u00e7a para anunciar o fim do movimento. Preferiu dizer que a situa\u00e7\u00e3o \u00e9 a mesma da manh\u00e3 de domingo e que novos avan\u00e7os dependem de medidas federais.<\/span><\/div>\n<div id=\"yui_3_16_0_1_1527518810594_34346\"><span id=\"yui_3_16_0_1_1527518810594_34347\" style=\"font-family: Calibri;\"><span id=\"yui_3_16_0_1_1527518810594_34348\">\u00a0\u00a0\u00a0\u00a0\u00a0\u00a0\u00a0\u00a0\u00a0\u00a0\u00a0\u00a0\u00a0\u00a0\u00a0\u00a0<\/span><\/span><\/div>\n<div><span id=\"yui_3_16_0_1_1527518810594_34347\" style=\"font-family: Calibri;\">O notici\u00e1rio diz que o alto comando militar est\u00e1 cauteloso e lembra que \u00e9 a segunda vez que o governo \u201cjoga no colo\u201d das For\u00e7as Armadas problemas que s\u00e3o da esfera civil e administrativa. A primeira foi a interven\u00e7\u00e3o na seguran\u00e7a do Rio de Janeiro e, agora, a paralisa\u00e7\u00e3o dos caminhoneiros. A possibilidade da greve se alastrar por outras categorias \u00e9 temida, assim como a rea\u00e7\u00e3o da popula\u00e7\u00e3o diante do desabastecimento e do travamento da economia e do trabalho.<\/span><\/div>\n<div><\/div>\n<div id=\"yui_3_16_0_1_1527518810594_34350\"><span id=\"yui_3_16_0_1_1527518810594_34351\" style=\"font-family: Calibri;\">O momento \u00e9 cr\u00edtico. Se mesmo depois de ter cedido \u00e0s reivindica\u00e7\u00f5es os condutores<span id=\"yui_3_16_0_1_1527518810594_34353\">\u00a0\u00a0<\/span>de caminh\u00f5es continuarem parados, \u00e9 preciso investigar outras vari\u00e1veis do problema. Saber, por exemplo, como \u00e9 que esses profissionais, que s\u00e3o aut\u00f4nomos, est\u00e3o fazendo para sustentar suas fam\u00edlias, pagar a presta\u00e7\u00e3o do caminh\u00e3o e permanecerem parados por tanto tempo, sem ganhar nada. H\u00e1 que se verificar, mais do que o locaute das transportadoras (j\u00e1 em apura\u00e7\u00e3o) a poss\u00edvel exist\u00eancia de custeadores da greve e identificar seus interesses e objetivos.\u00a0<span id=\"yui_3_16_0_1_1527518810594_34354\">\u00a0<\/span><\/span><\/div>\n<div><\/div>\n<div id=\"yui_3_16_0_1_1527518810594_34356\"><span id=\"yui_3_16_0_1_1527518810594_34357\" style=\"font-family: Calibri;\">O presidente Michel Temer e seu n\u00facleo de governo precisam agir r\u00e1pido para evitar o pior. At\u00e9 o momento, o movimento n\u00e3o parece contaminado por oposicionistas ferrenhos e nem por for\u00e7as ideol\u00f3gicas. Mas, se n\u00e3o encontrar na autoridade uma interlocu\u00e7\u00e3o firme e confi\u00e1vel, poder\u00e1 degringolar. Se isso vier a acontecer, al\u00e9m de enfraquecido, o governo pode terminar antes do tempo e at\u00e9 a democracia ficar sob risco. Isso j\u00e1 aconteceu em outros lugares. Chegou a hora da sociedade, cumprindo seu dever c\u00edvico, colaborar para colocar \u00e1gua na fervura&#8230;<\/span><\/div>\n<div id=\"yui_3_16_0_1_1527518810594_34360\"><span id=\"yui_3_16_0_1_1527518810594_34361\" style=\"font-family: Calibri;\">\u00a0<\/span><\/div>\n<div id=\"yui_3_16_0_1_1527518810594_34363\"><span id=\"yui_3_16_0_1_1527518810594_34364\">Tenente Dirceu Cardoso Gon\u00e7alves &#8211; dirigente da ASPOMIL (Associa\u00e7\u00e3o de\u00a0Assist. Social dos Policiais Militares de S\u00e3o Paulo)\u00a0<\/span><\/div>\n<div id=\"yui_3_16_0_1_1527518810594_34366\"><a id=\"yui_3_16_0_1_1527518810594_34367\" href=\"http:\/\/email.terra.com.br\/cgi-bin\/vlink.exe?Id=CW%2BGTJ2FmcbIwCuYPgo3Ur7xNHTjZ\/oshA6qMrYuuosMiVn5PlePqw%3D%3D&amp;Link=http:\/\/email.terra.com.br\/cgi-bin\/vlink.exe%3FId%3Ds38EYmd\/61ayiWUpNva0gHKJM%252B8r2cv2F0v55HCEZa0T5MfEZtNAqw%253D%253D%26Link%3Dhttp%253A\/\/email.terra.com.br\/cgi%252Dbin\/vlink.exe%253FId%253Dd2vrtxEYessgaZzb6nl7vatZyu1hr2mRWzRVzUfVS2E8HsiGPklYgg%25253D%25253D%2526Link%253Dhttp%25253A\/\/email.terra.com.br\/cgi%25252Dbin\/vlink.exe%25253FId%25253D8Bp8CzXmGkEmnGw\/q7TBwJUMawOZtfFPkvLMRhh%2525252BJYfEdEB1A3\/whQ%2525253D%2525253D%252526Link%25253Dhttp%2525253A\/\/email.terra.com.br\/cgi%2525252Dbin\/vlink.exe%2525253FId%2525253Dd\/oiG6rZgqLjowBxubAllSSZCvbL65CrMVPyT0MnmIB4a3M8\/O7%252525252Btw%252525253D%252525253D%25252526Link%2525253Dhttp%252525253A\/\/email.terra.com.br\/cgi%252525252Dbin\/vlink.exe%252525253FId%252525253Dw\/iMdOzF3uiURAAD58F\/DTy8BjoQSCJ0qrhxZSo5JZZD63P8t2KyQw%25252525253D%25252525253D%2525252526Link%252525253Dhttp%25252525253A\/\/email.terra.com.br\/cgi%25252525252Dbin\/vlink.exe%25252525253FId%25252525253DvMy6S6iImlJAEz0s05f3GjmDHl8BjFduR8yEb3hf5z9U3c7CMkLggQ%2525252525253D%2525252525253D%252525252526Link%25252525253Dhttp%2525252525253A\/\/email.terra.com.br\/cgi%2525252525252Dbin\/vlink.exe%2525252525253FId%2525252525253DvMy6S6iImlJAEz0s05f3GjmDHl8BjFduR8yEb3hf5z9U3c7CMkLggQ%252525252525253D%252525252525253D%25252525252526Link%2525252525253Dhttp%252525252525253A\/\/email.terra.com.br\/cgi%252525252525252Dbin\/vlink.exe%252525252525253FId%252525252525253D9Elh30sO\/CWXSeXs9u5odbsQefrBnDUtT0VbGC\/sK%25252525252525252BioWHSF36io5w%25252525252525253D%25252525252525253D%2525252525252526Link%252525252525253Dhttp%25252525252525253A\/\/email.terra.com.br\/cgi%25252525252525252Dbin\/vlink.exe%25252525252525253FId%25252525252525253Dx5NCVKA5CNTg8wdUofD4wAkDOWuOCnOULn7dTOlrQsmlsYPyUi1Zqg%2525252525252525253D%2525252525252525253D%252525252525252526Link%25252525252525253Dhttp%2525252525252525253A\/\/email.terra.com.br\/cgi%2525252525252525252Dbin\/webmail.exe%2525252525252525253FAct_V_Compo%2525252525252525253D1%25252525252525252526mailto%2525252525252525253Daspom\" target=\"_blank\" rel=\"noopener noreferrer\"><b id=\"yui_3_16_0_1_1527518810594_34368\"><span id=\"yui_3_16_0_1_1527518810594_34369\">aspomilpm@terra.com.br<\/span><\/b><\/a><span id=\"yui_3_16_0_1_1527518810594_34370\">\u00a0\u00a0\u00a0\u00a0\u00a0\u00a0\u00a0\u00a0\u00a0\u00a0\u00a0\u00a0\u00a0\u00a0\u00a0\u00a0\u00a0\u00a0\u00a0\u00a0\u00a0\u00a0\u00a0\u00a0\u00a0\u00a0\u00a0\u00a0\u00a0\u00a0\u00a0\u00a0\u00a0\u00a0\u00a0\u00a0\u00a0\u00a0\u00a0\u00a0\u00a0\u00a0\u00a0\u00a0\u00a0\u00a0\u00a0\u00a0\u00a0\u00a0\u00a0\u00a0\u00a0\u00a0\u00a0\u00a0\u00a0\u00a0\u00a0\u00a0\u00a0\u00a0\u00a0\u00a0\u00a0\u00a0\u00a0\u00a0\u00a0\u00a0\u00a0\u00a0\u00a0\u00a0\u00a0\u00a0\u00a0\u00a0\u00a0\u00a0\u00a0\u00a0\u00a0\u00a0\u00a0\u00a0\u00a0\u00a0\u00a0\u00a0\u00a0\u00a0\u00a0\u00a0\u00a0\u00a0\u00a0\u00a0\u00a0\u00a0\u00a0<\/span><\/div>\n","protected":false},"excerpt":{"rendered":"<p>Apesar de o governo, atrav\u00e9s do presidente Michel Temer, pessoalmente, ter cedido \u00e0s suas reivindica\u00e7\u00f5es,&#8230;<\/p>\n","protected":false},"author":1,"featured_media":0,"comment_status":"closed","ping_status":"closed","sticky":false,"template":"","format":"standard","meta":{"footnotes":""},"categories":[3],"tags":[],"class_list":["post-17911","post","type-post","status-publish","format-standard","hentry","category-artigo"],"_links":{"self":[{"href":"https:\/\/www.corumbaonline.com.br\/news\/wp-json\/wp\/v2\/posts\/17911","targetHints":{"allow":["GET"]}}],"collection":[{"href":"https:\/\/www.corumbaonline.com.br\/news\/wp-json\/wp\/v2\/posts"}],"about":[{"href":"https:\/\/www.corumbaonline.com.br\/news\/wp-json\/wp\/v2\/types\/post"}],"author":[{"embeddable":true,"href":"https:\/\/www.corumbaonline.com.br\/news\/wp-json\/wp\/v2\/users\/1"}],"replies":[{"embeddable":true,"href":"https:\/\/www.corumbaonline.com.br\/news\/wp-json\/wp\/v2\/comments?post=17911"}],"version-history":[{"count":1,"href":"https:\/\/www.corumbaonline.com.br\/news\/wp-json\/wp\/v2\/posts\/17911\/revisions"}],"predecessor-version":[{"id":17912,"href":"https:\/\/www.corumbaonline.com.br\/news\/wp-json\/wp\/v2\/posts\/17911\/revisions\/17912"}],"wp:attachment":[{"href":"https:\/\/www.corumbaonline.com.br\/news\/wp-json\/wp\/v2\/media?parent=17911"}],"wp:term":[{"taxonomy":"category","embeddable":true,"href":"https:\/\/www.corumbaonline.com.br\/news\/wp-json\/wp\/v2\/categories?post=17911"},{"taxonomy":"post_tag","embeddable":true,"href":"https:\/\/www.corumbaonline.com.br\/news\/wp-json\/wp\/v2\/tags?post=17911"}],"curies":[{"name":"wp","href":"https:\/\/api.w.org\/{rel}","templated":true}]}}