{"id":17919,"date":"2018-05-29T11:20:26","date_gmt":"2018-05-29T15:20:26","guid":{"rendered":"http:\/\/www.corumbaonline.com.br\/news\/?p=17919"},"modified":"2018-05-29T11:15:31","modified_gmt":"2018-05-29T15:15:31","slug":"restando-tres-dias-para-findar-prazo-quase-60-mil-imoveis-ja-estao-inscritos-no-car","status":"publish","type":"post","link":"https:\/\/www.corumbaonline.com.br\/news\/restando-tres-dias-para-findar-prazo-quase-60-mil-imoveis-ja-estao-inscritos-no-car\/","title":{"rendered":"Restando tr\u00eas dias para findar prazo, quase 60 mil im\u00f3veis j\u00e1 est\u00e3o inscritos no CAR"},"content":{"rendered":"<p>Termina nesta quinta-feira (31) o prazo para que todos os propriet\u00e1rios rurais inscrevam seus im\u00f3veis no Cadastro Ambiental Rural (CAR). Conforme relat\u00f3rio feito pela Ger\u00eancia de Recursos Florestais do Instituto de Meio Ambiente de Mato Grosso do Sul (Imasul), o total de im\u00f3veis rurais inscritos at\u00e9 a manh\u00e3 desda segunda-feira (28.5) era de 59.731.\u00a0A grande maioria (18.936) s\u00e3o pequenas propriedades rurais com at\u00e9 quatro m\u00f3dulos fiscais; entre 4 e 15 m\u00f3dulos fiscais s\u00e3o 10.751 e as grandes propriedades (acima de 15 m\u00f3dulos fiscais) totalizavam 9.930.<\/p>\n<p>O CAR \u00e9 um registro eletr\u00f4nico institu\u00eddo pelo C\u00f3digo Florestal de 2012, obrigat\u00f3rio para todos os im\u00f3veis rurais, e tem por finalidade integrar as informa\u00e7\u00f5es ambientais referentes \u00e0 situa\u00e7\u00e3o das \u00c1reas de Preserva\u00e7\u00e3o Permanente (APP), das \u00e1reas de Reserva Legal, dos remanescentes de vegeta\u00e7\u00e3o nativa para efeito de compensa\u00e7\u00e3o ambiental, das \u00c1reas de Uso Restrito e das \u00e1reas consolidadas das propriedades e posses rurais do pa\u00eds.<\/p>\n<p><strong>Sem prorroga\u00e7\u00e3o<\/strong><\/p>\n<p>O prazo, inicialmente, venceria dia 31 de dezembro do ano passado, mas foi prorrogado por mais cinco meses pelo Governo Federal. O secret\u00e1rio de Estado de Meio Ambiente, Desenvolvimento Econ\u00f4mico, Produ\u00e7\u00e3o e Agricultura Familiar, Jaime Verruck, acredita que n\u00e3o haver\u00e1 nova prorroga\u00e7\u00e3o. At\u00e9 porque, conforme cruzamento de dados feito pelo setor de Estat\u00edstica da Secretaria, restam poucas propriedades para serem inscritas; a maioria dos munic\u00edpios j\u00e1 totalizou o cadastro.<\/p>\n<p>Nos \u00faltimos meses intensificou-se a procura por informa\u00e7\u00f5es e tem aumentado consideravelmente o n\u00famero de cadastros. Em janeiro foram mais de 700 cadastros, em fevereiro pouco menos de 500, voltou a subir em mar\u00e7o, ultrapassando 600 inscri\u00e7\u00f5es, chegou a 780 em abril e em maio, at\u00e9 ontem, j\u00e1 somavam 1.111.<\/p>\n<p><strong>Pequenos<\/strong><\/p>\n<p>Quem n\u00e3o incluir sua propriedade no Cadastro ter\u00e1 s\u00e9rias complica\u00e7\u00f5es. Resolu\u00e7\u00e3o do Banco Central determina que, a partir de maio, s\u00f3 ter\u00e3o acesso a financiamentos banc\u00e1rios as propriedades rurais inscritas no CAR. Alguns frigor\u00edficos tamb\u00e9m s\u00f3 compram gado da fazenda que tiver com o cadastro ambiental em dia, e o Imasul tamb\u00e9m j\u00e1 exige o CAR para aprovar quaisquer processos de licenciamento de supress\u00e3o vegetal nativa.<\/p>\n<p>Os pequenos propriet\u00e1rios t\u00eam o benef\u00edcio da inscri\u00e7\u00e3o gratuita e todo tr\u00e2mite por conta do Governo do Estado. Basta que procurem o mais rapidamente um escrit\u00f3rio da Ag\u00eancia de Desenvolvimento Agr\u00e1rio e Extens\u00e3o Rural (Agraer), em qualquer munic\u00edpio do interior e na Capital, e se informem sobre a documenta\u00e7\u00e3o necess\u00e1ria para fazer a inscri\u00e7\u00e3o de seu im\u00f3vel. Mas a gratuidade s\u00f3 atinge propriedades de at\u00e9 quatro m\u00f3dulos fiscais. O tamanho do m\u00f3dulo varia de acordo com o munic\u00edpio, vai de 30 hectares no caso de Dourados, at\u00e9 110 hectares em propriedades de Corumb\u00e1. Os donos de propriedades com \u00e1rea acima de quatro m\u00f3dulos fiscais devem providenciar por conta pr\u00f3pria a inscri\u00e7\u00e3o no CAR.<\/p>\n","protected":false},"excerpt":{"rendered":"<p>Termina nesta quinta-feira (31) o prazo para que todos os propriet\u00e1rios rurais inscrevam seus im\u00f3veis&#8230;<\/p>\n","protected":false},"author":1,"featured_media":0,"comment_status":"closed","ping_status":"closed","sticky":false,"template":"","format":"standard","meta":{"footnotes":""},"categories":[14],"tags":[],"class_list":["post-17919","post","type-post","status-publish","format-standard","hentry","category-geral"],"_links":{"self":[{"href":"https:\/\/www.corumbaonline.com.br\/news\/wp-json\/wp\/v2\/posts\/17919","targetHints":{"allow":["GET"]}}],"collection":[{"href":"https:\/\/www.corumbaonline.com.br\/news\/wp-json\/wp\/v2\/posts"}],"about":[{"href":"https:\/\/www.corumbaonline.com.br\/news\/wp-json\/wp\/v2\/types\/post"}],"author":[{"embeddable":true,"href":"https:\/\/www.corumbaonline.com.br\/news\/wp-json\/wp\/v2\/users\/1"}],"replies":[{"embeddable":true,"href":"https:\/\/www.corumbaonline.com.br\/news\/wp-json\/wp\/v2\/comments?post=17919"}],"version-history":[{"count":1,"href":"https:\/\/www.corumbaonline.com.br\/news\/wp-json\/wp\/v2\/posts\/17919\/revisions"}],"predecessor-version":[{"id":17920,"href":"https:\/\/www.corumbaonline.com.br\/news\/wp-json\/wp\/v2\/posts\/17919\/revisions\/17920"}],"wp:attachment":[{"href":"https:\/\/www.corumbaonline.com.br\/news\/wp-json\/wp\/v2\/media?parent=17919"}],"wp:term":[{"taxonomy":"category","embeddable":true,"href":"https:\/\/www.corumbaonline.com.br\/news\/wp-json\/wp\/v2\/categories?post=17919"},{"taxonomy":"post_tag","embeddable":true,"href":"https:\/\/www.corumbaonline.com.br\/news\/wp-json\/wp\/v2\/tags?post=17919"}],"curies":[{"name":"wp","href":"https:\/\/api.w.org\/{rel}","templated":true}]}}