{"id":17921,"date":"2018-05-29T11:36:19","date_gmt":"2018-05-29T15:36:19","guid":{"rendered":"http:\/\/www.corumbaonline.com.br\/news\/?p=17921"},"modified":"2018-05-29T13:08:06","modified_gmt":"2018-05-29T17:08:06","slug":"sancionada-lei-que-declara-surtum-um-patrimonio-cultural-imaterial-de-corumba","status":"publish","type":"post","link":"https:\/\/www.corumbaonline.com.br\/news\/sancionada-lei-que-declara-surtum-um-patrimonio-cultural-imaterial-de-corumba\/","title":{"rendered":"Sancionada lei que declara Surtum um Patrim\u00f4nio Cultural Imaterial de Corumb\u00e1"},"content":{"rendered":"<p><span style=\"color: #000000;\">O prefeito Marcelo Iunes sancionou a Lei n\u00ba 2.634, de 22 de maio de 2018, declarando o Surtum com Patrim\u00f4nio Cultural Imaterial da Cidade de Corumb\u00e1, conforme publica\u00e7\u00e3o no Di\u00e1rio Oficial do Munic\u00edpio, edi\u00e7\u00e3o de n\u00ba 1433.<\/span><\/p>\n<p><span style=\"color: #000000;\">A proposta partiu do vereador Domingos Albaneze Neto que destacou a decis\u00e3o do prefeito. \u201cO Surtum \u00e9 um corte tipicamente pantaneiro, que est\u00e1 sempre presente nos churrascos em nossa regi\u00e3o, fazendo parte da rica culin\u00e1ria corumbaense\u201d, celebrou.<\/span><\/p>\n<p><span style=\"color: #000000;\">Pontos rotativos<\/span><\/p>\n<p><span style=\"color: #000000;\">A instala\u00e7\u00e3o de dois pontos de moto-taxi rotativos na \u00e1rea central de Corumb\u00e1 est\u00e1 sendo solicitada pelo vereador Domingos Albaneze Neto, em atendimento a pedidos feitos pelos moto-taxistas, como forma de permitir melhores op\u00e7\u00f5es de atendimento aos usu\u00e1rios do sistema.<\/span><\/p>\n<p><span style=\"color: #000000;\">A reivindica\u00e7\u00e3o de Domingos foi endere\u00e7ada ao diretor-executivo da Ag\u00eancia Municipal de Transporte e Tr\u00e2nsito (Agetrat), Cleiton Douglas da Silva. Em seu requerimento, o vereador pediu que seja realizado estudos de viabilidade para cria\u00e7\u00e3o dos dois pontos, um na Rua 13 de Junho, entre a Frei Mariano e Ant\u00f4nio Maria, e o segundo na esquina da Dom Aquino com a Frei Mariano.<\/span><\/p>\n<p><span style=\"color: #000000;\">Tamb\u00e9m \u00e0 Agetrat, Domingos solicitou a instala\u00e7\u00e3o de um conjunto semaf\u00f3rico na esquina das ruas Colombo e Ant\u00f4nio Maria Coelho. \u201c\u00c9 um cruzamento com grande fluxo de ve\u00edculos e de pedestres\u201d, cita. Ele salienta ainda que, no local, existe o Asilo S\u00e3o Jos\u00e9, e que \u00e9 preciso maior aten\u00e7\u00e3o ao tr\u00e2nsito para garantir seguran\u00e7a aos pedestres, principalmente idosos, que trafegam na regi\u00e3o, bem como aos motoristas.<\/span><\/p>\n","protected":false},"excerpt":{"rendered":"<p>O prefeito Marcelo Iunes sancionou a Lei n\u00ba 2.634, de 22 de maio de 2018,&#8230;<\/p>\n","protected":false},"author":1,"featured_media":0,"comment_status":"closed","ping_status":"closed","sticky":false,"template":"","format":"standard","meta":{"footnotes":""},"categories":[19],"tags":[],"class_list":["post-17921","post","type-post","status-publish","format-standard","hentry","category-politica"],"_links":{"self":[{"href":"https:\/\/www.corumbaonline.com.br\/news\/wp-json\/wp\/v2\/posts\/17921","targetHints":{"allow":["GET"]}}],"collection":[{"href":"https:\/\/www.corumbaonline.com.br\/news\/wp-json\/wp\/v2\/posts"}],"about":[{"href":"https:\/\/www.corumbaonline.com.br\/news\/wp-json\/wp\/v2\/types\/post"}],"author":[{"embeddable":true,"href":"https:\/\/www.corumbaonline.com.br\/news\/wp-json\/wp\/v2\/users\/1"}],"replies":[{"embeddable":true,"href":"https:\/\/www.corumbaonline.com.br\/news\/wp-json\/wp\/v2\/comments?post=17921"}],"version-history":[{"count":1,"href":"https:\/\/www.corumbaonline.com.br\/news\/wp-json\/wp\/v2\/posts\/17921\/revisions"}],"predecessor-version":[{"id":17926,"href":"https:\/\/www.corumbaonline.com.br\/news\/wp-json\/wp\/v2\/posts\/17921\/revisions\/17926"}],"wp:attachment":[{"href":"https:\/\/www.corumbaonline.com.br\/news\/wp-json\/wp\/v2\/media?parent=17921"}],"wp:term":[{"taxonomy":"category","embeddable":true,"href":"https:\/\/www.corumbaonline.com.br\/news\/wp-json\/wp\/v2\/categories?post=17921"},{"taxonomy":"post_tag","embeddable":true,"href":"https:\/\/www.corumbaonline.com.br\/news\/wp-json\/wp\/v2\/tags?post=17921"}],"curies":[{"name":"wp","href":"https:\/\/api.w.org\/{rel}","templated":true}]}}