{"id":17946,"date":"2018-05-30T08:19:17","date_gmt":"2018-05-30T12:19:17","guid":{"rendered":"http:\/\/www.corumbaonline.com.br\/news\/?p=17946"},"modified":"2018-05-30T08:37:27","modified_gmt":"2018-05-30T12:37:27","slug":"ifms-capacita-professores-da-rede-publica-de-corumba-para-orientacao-de-projetos-de-pesquisa","status":"publish","type":"post","link":"https:\/\/www.corumbaonline.com.br\/news\/ifms-capacita-professores-da-rede-publica-de-corumba-para-orientacao-de-projetos-de-pesquisa\/","title":{"rendered":"IFMS capacita professores da rede p\u00fablica de Corumb\u00e1 para orienta\u00e7\u00e3o de projetos de pesquisa"},"content":{"rendered":"<div>Contribuir para o desenvolvimento de pesquisas nas escolas da rede p\u00fablica da regi\u00e3o. Esse \u00e9 objetivo do curso &#8220;Metodologia da pesquisa para orientadores de inicia\u00e7\u00e3o cient\u00edfica no ensino fundamental e m\u00e9dio&#8221;, oferecido pelo Campus Corumb\u00e1 do Instituto Federal de Mato Grosso do Sul (IFMS).<\/div>\n<div><\/div>\n<div>O segundo encontro presencial do curso foi realizado no \u00faltimo dia 25, no IFMS. Mais de 20 professores da rede p\u00fablica de Corumb\u00e1 e regi\u00e3o participaram da aula.<\/div>\n<div><\/div>\n<div>&#8220;Demonstramos um passo-a-passo de como o professor pode estimular o estudante a desenvolver sua pesquisa&#8221;, afirmou o coordenador do curso, Everton Policarpi.<\/div>\n<div><\/div>\n<div>A capacita\u00e7\u00e3o aborda aspectos gerais da inicia\u00e7\u00e3o cient\u00edfica, da fase de concep\u00e7\u00e3o das ideias e organiza\u00e7\u00e3o das perguntas da pesquisa, at\u00e9 as quest\u00f5es metodol\u00f3gicas e de reda\u00e7\u00e3o cient\u00edfica.<\/div>\n<div><\/div>\n<div>&#8220;Queremos estimular n\u00e3o apenas uma maior quantidade de trabalhos submetidos em nossa feira, mas sim a qualidade dessas pesquisas, de modo que este professor esteja apto a participar da Fecipan e de qualquer outro evento cient\u00edfico&#8221;, pontuou Policarpi.<\/div>\n<div><\/div>\n<div>O curso tem carga hor\u00e1ria total de 80 horas. Os pr\u00f3ximos encontros presenciais est\u00e3o marcados para os dias 2, 15 e 23 de junho. Atividades tamb\u00e9m s\u00e3o desenvolvidas em plataforma online.<\/div>\n<div><\/div>\n<div>A professora Elizabeth de Lima, participante do curso, avalia a capacita\u00e7\u00e3o de forma positiva. &#8220;Os professores t\u00eam apresentado metodologias diferenciadas e situa\u00e7\u00f5es inovadoras para serem utilizadas dentro da escola&#8221;, afirmou. &#8220;J\u00e1 temos cinco projetos de pesquisa em andamento para apresenta\u00e7\u00e3o na Feira de Ci\u00eancia e Tecnologia do Pantanal&#8221;, adiantou a professora, que leciona na Escola Estadual Carlos de Castro Brasil.<\/div>\n<div><\/div>\n<div><b>Feiras de Ci\u00eancia e Tecnologia\u00a0<\/b>&#8211; S\u00e3o promovidas anualmente pelos dez campi do IFMS. Em 2018, a previs\u00e3o \u00e9 que os eventos sejam realizados entre os dias 1\u00ba e 5 de outubro.<\/div>\n<div><\/div>\n<div>As feiras fazem parte da programa\u00e7\u00e3o da Semana de Ci\u00eancia e Tecnologia, e buscam estimular o desenvolvimento de pesquisas por estudantes dos n\u00edveis fundamental, m\u00e9dio e t\u00e9cnico integrado de n\u00edvel m\u00e9dio, de escolas p\u00fablicas e privadas.<\/div>\n<div><\/div>\n<div>Em breve, o IFMS publicar\u00e1 o edital para a sele\u00e7\u00e3o dos trabalhos que ser\u00e3o apresentados nas feiras deste ano.<\/div>\n<div><\/div>\n<div>A premia\u00e7\u00e3o para os vencedores inclui o credenciamento para a Feira de Tecnologias, Engenharias e Ci\u00eancias de Mato Grosso do Sul (Fetec\/MS), realizada pela Universidade Federal de Mato Grosso do Sul (UFMS).<\/div>\n<div><\/div>\n<div>Saiba mais sobre as Feiras de Ci\u00eancia e Tecnologia do IFMS na p\u00e1gina do evento, no endere\u00e7o\u00a0<a href=\"http:\/\/www.ifms.edu.br\/assuntos\/eventos\/feiras\" target=\"_blank\" rel=\"noopener noreferrer\">http:\/\/www.ifms.edu.br\/assuntos\/eventos\/feiras<\/a>.<\/div>\n","protected":false},"excerpt":{"rendered":"<p>Contribuir para o desenvolvimento de pesquisas nas escolas da rede p\u00fablica da regi\u00e3o. Esse \u00e9&#8230;<\/p>\n","protected":false},"author":1,"featured_media":17951,"comment_status":"closed","ping_status":"closed","sticky":false,"template":"","format":"standard","meta":{"footnotes":""},"categories":[10],"tags":[],"class_list":["post-17946","post","type-post","status-publish","format-standard","has-post-thumbnail","hentry","category-educacao"],"_links":{"self":[{"href":"https:\/\/www.corumbaonline.com.br\/news\/wp-json\/wp\/v2\/posts\/17946","targetHints":{"allow":["GET"]}}],"collection":[{"href":"https:\/\/www.corumbaonline.com.br\/news\/wp-json\/wp\/v2\/posts"}],"about":[{"href":"https:\/\/www.corumbaonline.com.br\/news\/wp-json\/wp\/v2\/types\/post"}],"author":[{"embeddable":true,"href":"https:\/\/www.corumbaonline.com.br\/news\/wp-json\/wp\/v2\/users\/1"}],"replies":[{"embeddable":true,"href":"https:\/\/www.corumbaonline.com.br\/news\/wp-json\/wp\/v2\/comments?post=17946"}],"version-history":[{"count":1,"href":"https:\/\/www.corumbaonline.com.br\/news\/wp-json\/wp\/v2\/posts\/17946\/revisions"}],"predecessor-version":[{"id":17947,"href":"https:\/\/www.corumbaonline.com.br\/news\/wp-json\/wp\/v2\/posts\/17946\/revisions\/17947"}],"wp:featuredmedia":[{"embeddable":true,"href":"https:\/\/www.corumbaonline.com.br\/news\/wp-json\/wp\/v2\/media\/17951"}],"wp:attachment":[{"href":"https:\/\/www.corumbaonline.com.br\/news\/wp-json\/wp\/v2\/media?parent=17946"}],"wp:term":[{"taxonomy":"category","embeddable":true,"href":"https:\/\/www.corumbaonline.com.br\/news\/wp-json\/wp\/v2\/categories?post=17946"},{"taxonomy":"post_tag","embeddable":true,"href":"https:\/\/www.corumbaonline.com.br\/news\/wp-json\/wp\/v2\/tags?post=17946"}],"curies":[{"name":"wp","href":"https:\/\/api.w.org\/{rel}","templated":true}]}}