{"id":17948,"date":"2018-05-30T08:27:59","date_gmt":"2018-05-30T12:27:59","guid":{"rendered":"http:\/\/www.corumbaonline.com.br\/news\/?p=17948"},"modified":"2018-05-30T08:39:57","modified_gmt":"2018-05-30T12:39:57","slug":"governo-aceita-reduzir-icms-do-diesel-se-rodovias-forem-desbloqueadas-e-consumidor-pagar-menos-pelo-combustivel","status":"publish","type":"post","link":"https:\/\/www.corumbaonline.com.br\/news\/governo-aceita-reduzir-icms-do-diesel-se-rodovias-forem-desbloqueadas-e-consumidor-pagar-menos-pelo-combustivel\/","title":{"rendered":"Governo aceita reduzir ICMS do diesel se rodovias forem desbloqueadas e consumidor pagar menos pelo combust\u00edvel"},"content":{"rendered":"<p>O governador Reinaldo Azambuja acenou com a possibilidade de reduzir a al\u00edquota do ICMS do \u00f3leo diesel de 17% para 12%, desde que haja o desbloqueio das rodovias por parte dos caminhoneiros e que o consumidor seja beneficiado diretamente com a queda no pre\u00e7o do combust\u00edvel nas bombas. \u201cO nosso objetivo \u00e9 que seja retomada a normalidade e que a redu\u00e7\u00e3o chegue \u00e0s bombas; assumido esses compromissos encaminhamos o projeto para a Assembleia Legislativa\u201d, afirmou o governador.<\/p>\n<p>Durante reuni\u00e3o na tarde desta ter\u00e7a-feira (29.5) os representantes do setor produtivo e dos caminhoneiros aut\u00f4nomos assumiram o compromisso de assinar o acordo e de liberar as rodovias, ocupadas h\u00e1 nove dias pelos caminhoneiros. \u201cAqui no Estado a nossa reivindica\u00e7\u00e3o foi atendida, agora depende da gente colocar o caminh\u00e3o para trabalhar o mais r\u00e1pido poss\u00edvel\u201d, disse Giuliano Rog\u00e9rio de Souza, um dos representantes dos caminhoneiros presente na reuni\u00e3o realizada na Governadoria.<\/p>\n<p>Reinaldo Azambuja disse que o governo sempre esteve aberto ao di\u00e1logo para assegurar que a popula\u00e7\u00e3o e as empresas de Mato Grosso do Sul n\u00e3o fossem prejudicadas com o bloqueio das rodovias, com o desabastecimento que afetou os consumidores e a paralisa\u00e7\u00e3o das atividades, que trouxe preju\u00edzos de R$ 100 milh\u00f5es por dia \u00e0s ind\u00fastrias e R$ 80 milh\u00f5es \u00e0 agropecu\u00e1ria. E lembrou que em 2015, a administra\u00e7\u00e3o estadual havia reduzido o ICMS do diesel no mesmo percentual, \u201cs\u00f3 que os consumidores n\u00e3o foram beneficiados com a redu\u00e7\u00e3o nas bombas\u201d.<\/p>\n<p>Para que isso n\u00e3o ocorra desta vez, o governador vai se reunir nesta quarta-feira (30.5) com o Sindicato das Revendedoras de Combust\u00edveis e Lubrificantes (Sinpetro) e com as distribuidoras para que assumam o compromisso de repassar no varejo a diminui\u00e7\u00e3o do imposto do \u00f3leo diesel.<\/p>\n<p>O presidente da Federa\u00e7\u00e3o das Ind\u00fastrias de Mato Grosso do Sul (Fiems), S\u00e9rgio Longen, elogiou Reinaldo Azambuja pela postura, pois abrir m\u00e3o da arrecada\u00e7\u00e3o \u201cexige sacrif\u00edcio do Governo do Estado\u201d. O governador destacou que, para que o consumidor tamb\u00e9m seja beneficiado por esse acordo, entidades como o Procon e a OAB\/MS e os pr\u00f3prios caminhoneiros, devem fiscalizar para que o compromisso de redu\u00e7\u00e3o do pre\u00e7o nas bombas seja cumprido.<\/p>\n<p>Participaram da reuni\u00e3o tamb\u00e9m os secret\u00e1rios Eduardo Riedel (Governo e Gest\u00e3o Estrat\u00e9gica), Jaime Verruck (Meio Ambiente, Desenvolvimento Econ\u00f4mico, Produ\u00e7\u00e3o e Agricultura Familiar), Antonio Carlos Videira (Justi\u00e7a e Seguran\u00e7a P\u00fablica), deputado estadual Paulo Corr\u00eaa, J\u00fanior Mochi, presidente da Assembleia Legislativa, Maur\u00edcio Saito, presidente da Federa\u00e7\u00e3o da Agricultura de Mato Grosso do Sul (Famasul), Edison Ara\u00fajo, presidente da Federa\u00e7\u00e3o do Com\u00e9rcio do MS (Fecom\u00e9rcio), Cl\u00e1udio Mendon\u00e7a, superintendente do Sebrae, Edmilson Verati, da Associa\u00e7\u00e3o Sul-mato-grossense de Supermercados (Amas), Roberto Holanda, do Biosul, Adelaido Vila, da CDL de Campo Grande, Ricardo Kuninari, da Federa\u00e7\u00e3o das CDL, Gelson Pavone, da Rodobelo, Osvaldo C\u00e9sar Possari, presidente da Rodosul, Jonatan Barbosa, presidente da Associa\u00e7\u00e3o dos Criadores do MS (Acrissul), e Ademir Pereira da Silva J\u00fanior, representante dos caminhoneiros.<\/p>\n","protected":false},"excerpt":{"rendered":"<p>O governador Reinaldo Azambuja acenou com a possibilidade de reduzir a al\u00edquota do ICMS do&#8230;<\/p>\n","protected":false},"author":1,"featured_media":17949,"comment_status":"closed","ping_status":"closed","sticky":false,"template":"","format":"standard","meta":{"footnotes":""},"categories":[8,9],"tags":[],"class_list":["post-17948","post","type-post","status-publish","format-standard","has-post-thumbnail","hentry","category-destaque","category-economia"],"_links":{"self":[{"href":"https:\/\/www.corumbaonline.com.br\/news\/wp-json\/wp\/v2\/posts\/17948","targetHints":{"allow":["GET"]}}],"collection":[{"href":"https:\/\/www.corumbaonline.com.br\/news\/wp-json\/wp\/v2\/posts"}],"about":[{"href":"https:\/\/www.corumbaonline.com.br\/news\/wp-json\/wp\/v2\/types\/post"}],"author":[{"embeddable":true,"href":"https:\/\/www.corumbaonline.com.br\/news\/wp-json\/wp\/v2\/users\/1"}],"replies":[{"embeddable":true,"href":"https:\/\/www.corumbaonline.com.br\/news\/wp-json\/wp\/v2\/comments?post=17948"}],"version-history":[{"count":1,"href":"https:\/\/www.corumbaonline.com.br\/news\/wp-json\/wp\/v2\/posts\/17948\/revisions"}],"predecessor-version":[{"id":17950,"href":"https:\/\/www.corumbaonline.com.br\/news\/wp-json\/wp\/v2\/posts\/17948\/revisions\/17950"}],"wp:featuredmedia":[{"embeddable":true,"href":"https:\/\/www.corumbaonline.com.br\/news\/wp-json\/wp\/v2\/media\/17949"}],"wp:attachment":[{"href":"https:\/\/www.corumbaonline.com.br\/news\/wp-json\/wp\/v2\/media?parent=17948"}],"wp:term":[{"taxonomy":"category","embeddable":true,"href":"https:\/\/www.corumbaonline.com.br\/news\/wp-json\/wp\/v2\/categories?post=17948"},{"taxonomy":"post_tag","embeddable":true,"href":"https:\/\/www.corumbaonline.com.br\/news\/wp-json\/wp\/v2\/tags?post=17948"}],"curies":[{"name":"wp","href":"https:\/\/api.w.org\/{rel}","templated":true}]}}