{"id":17952,"date":"2018-05-30T08:38:44","date_gmt":"2018-05-30T12:38:44","guid":{"rendered":"http:\/\/www.corumbaonline.com.br\/news\/?p=17952"},"modified":"2018-05-30T08:42:24","modified_gmt":"2018-05-30T12:42:24","slug":"prefeitura-recebe-carro-para-coordenadoria-de-politicas-para-a-mulher","status":"publish","type":"post","link":"https:\/\/www.corumbaonline.com.br\/news\/prefeitura-recebe-carro-para-coordenadoria-de-politicas-para-a-mulher\/","title":{"rendered":"Prefeitura recebe carro para Coordenadoria de Pol\u00edticas para a Mulher"},"content":{"rendered":"<p>A Prefeitura de Corumb\u00e1 recebeu a doa\u00e7\u00e3o de um ve\u00edculo \u2013 modelo Renault Logan \u2013 na manh\u00e3 desta segunda-feira, 28 de maio. Doado pela Subsecretaria de Estado de Pol\u00edticas P\u00fablicas para Mulheres, o carro ser\u00e1 usado pela Secretaria Especial de Cidadania e Direitos Humanos.<\/p>\n<p>&nbsp;<\/p>\n<p>Ao receber a chave do ve\u00edculo, a primeira-dama e secret\u00e1ria Especial de Cidadania e Direitos Humanos, Amanda Balancieri Iunes, informou que o carro vai atender \u00e0 demanda da\u00a0Coordenadoria de Pol\u00edticas P\u00fablicas para a Mulher. \u201cEm uma visita da Luciana Azambuja (subsecret\u00e1ria Especial de Cidadania e Direitos Humanos), ela percebeu a necessidade que t\u00ednhamos, conheceu o trabalho que realizamos e viu que precis\u00e1vamos de um ve\u00edculo. Prontamente, encaminhou o carro para que possamos atender \u00e0s mulheres. O carro est\u00e1 pronto para uso\u201d, disse Amanda.<\/p>\n<p>&nbsp;<\/p>\n<p>Coordenadora de Pol\u00edticas P\u00fablicas para a Mulher, W\u00e2nia Alecrim, destacou que \u201ca parceira com o Governo do Estado \u00e9 important\u00edssima e vem sempre a somar nas a\u00e7\u00f5es. No m\u00eas passado, a Subsecretaria de Estado da Mulher percebeu as a\u00e7\u00f5es realizadas e projetos que conquistamos e nos doou esse ve\u00edculo. Foi doado para o Munic\u00edpio, o prefeito Marcelo Iunes prontamente assinou o termo de ades\u00e3o. Assim vamos atender melhor as mulheres corumbaenses\u201d, concluiu.<\/p>\n<p>&nbsp;<\/p>\n<p>Luciana Azambuja destacou ser fundamental o aparelhamento do Munic\u00edpio para o enfrentamento \u00e0 viol\u00eancia contra a mulher. A doa\u00e7\u00e3o do carro fortalece as a\u00e7\u00f5es neste sentido. A iniciativa, al\u00e9m de refor\u00e7ar a parceria entre as administra\u00e7\u00f5es Estadual e Municipal, tamb\u00e9m apoia os trabalhos relacionados ao projeto do Mapeamento da Viol\u00eancia Contra a Mulher na Fronteira, que \u00e9 desenvolvido pelo Conselho de Desenvolvimento e Integra\u00e7\u00e3o Sul (Codesul) \u2013 bloco econ\u00f4mico formado pelos estados de Mato Grosso do Sul, Paran\u00e1, Santa Catarina e Rio Grande do Sul.<\/p>\n","protected":false},"excerpt":{"rendered":"<p>A Prefeitura de Corumb\u00e1 recebeu a doa\u00e7\u00e3o de um ve\u00edculo \u2013 modelo Renault Logan \u2013&#8230;<\/p>\n","protected":false},"author":1,"featured_media":17953,"comment_status":"closed","ping_status":"closed","sticky":false,"template":"","format":"standard","meta":{"footnotes":""},"categories":[8,14],"tags":[],"class_list":["post-17952","post","type-post","status-publish","format-standard","has-post-thumbnail","hentry","category-destaque","category-geral"],"_links":{"self":[{"href":"https:\/\/www.corumbaonline.com.br\/news\/wp-json\/wp\/v2\/posts\/17952","targetHints":{"allow":["GET"]}}],"collection":[{"href":"https:\/\/www.corumbaonline.com.br\/news\/wp-json\/wp\/v2\/posts"}],"about":[{"href":"https:\/\/www.corumbaonline.com.br\/news\/wp-json\/wp\/v2\/types\/post"}],"author":[{"embeddable":true,"href":"https:\/\/www.corumbaonline.com.br\/news\/wp-json\/wp\/v2\/users\/1"}],"replies":[{"embeddable":true,"href":"https:\/\/www.corumbaonline.com.br\/news\/wp-json\/wp\/v2\/comments?post=17952"}],"version-history":[{"count":1,"href":"https:\/\/www.corumbaonline.com.br\/news\/wp-json\/wp\/v2\/posts\/17952\/revisions"}],"predecessor-version":[{"id":17954,"href":"https:\/\/www.corumbaonline.com.br\/news\/wp-json\/wp\/v2\/posts\/17952\/revisions\/17954"}],"wp:featuredmedia":[{"embeddable":true,"href":"https:\/\/www.corumbaonline.com.br\/news\/wp-json\/wp\/v2\/media\/17953"}],"wp:attachment":[{"href":"https:\/\/www.corumbaonline.com.br\/news\/wp-json\/wp\/v2\/media?parent=17952"}],"wp:term":[{"taxonomy":"category","embeddable":true,"href":"https:\/\/www.corumbaonline.com.br\/news\/wp-json\/wp\/v2\/categories?post=17952"},{"taxonomy":"post_tag","embeddable":true,"href":"https:\/\/www.corumbaonline.com.br\/news\/wp-json\/wp\/v2\/tags?post=17952"}],"curies":[{"name":"wp","href":"https:\/\/api.w.org\/{rel}","templated":true}]}}