{"id":17964,"date":"2018-05-30T09:32:23","date_gmt":"2018-05-30T13:32:23","guid":{"rendered":"http:\/\/www.corumbaonline.com.br\/news\/?p=17964"},"modified":"2018-05-30T09:48:26","modified_gmt":"2018-05-30T13:48:26","slug":"influenza-municipio-promove-segundo-dia-d-de-vacinacao-e-oferece-servico-a-noite","status":"publish","type":"post","link":"https:\/\/www.corumbaonline.com.br\/news\/influenza-municipio-promove-segundo-dia-d-de-vacinacao-e-oferece-servico-a-noite\/","title":{"rendered":"Influenza: Munic\u00edpio promove segundo Dia D de Vacina\u00e7\u00e3o e oferece servi\u00e7o \u00e0 noite"},"content":{"rendered":"<p>Para tentar alcan\u00e7ar a meta estabelecida pelo Minist\u00e9rio da Sa\u00fade, a Prefeitura de Corumb\u00e1, por meio da Secretaria Municipal de Sa\u00fade, promove, no\u00a0<strong>dia 31 de maio<\/strong>, o segundo Dia D da Campanha de Vacina\u00e7\u00e3o contra Influenza. O dia foi escolhido por ser feriado nacional de Corpus Christi. \u00c9 a oportunidade para os pais e respons\u00e1veis por crian\u00e7as de 06 meses a menores de 05 anos levarem seus filhos \u00e0 vacina\u00e7\u00e3o. Todos os demais grupos de risco tamb\u00e9m podem procurar pela vacina contra gripe Influenza nesta quinta-feira.<\/p>\n<p>&nbsp;<\/p>\n<p>No entanto, nem todas as Salas de Vacina estar\u00e3o abertas. Apenas quatro v\u00e3o oferecer a vacina\u00e7\u00e3o e\u00a0<strong>somente pela manh\u00e3, das<\/strong>\u00a0<strong>07h30 \u00e0s 11h30<\/strong>. As Salas de Vacina que v\u00e3o participar do segundo Dia D s\u00e3o:\u00a0<strong>Luiz Fragelli, Padre Ernesto Sassida, L\u00facia Maria e Breno de Medeiros<\/strong>. A UBS Luiz Fragelli fica localizada na avenida Rio Branco, bairro Universit\u00e1rio. A UBS Padre Ernesto est\u00e1 situada na rua Jos\u00e9 Fragelli, no Dom Bosco. J\u00e1 a UBS L\u00facia Maria fica no conjunto Kadw\u00e9us, na rua Cyr\u00edaco de Toledo. A UBS Breno de Medeiros fica no Popular Nova, tamb\u00e9m na rua Cyr\u00edaco de Toledo.<\/p>\n<p>&nbsp;<\/p>\n<p>Na noite desta quarta-feira, <strong>30 de maio<\/strong>, as UBS L\u00facia Maria e Gast\u00e3o de Oliveira v\u00e3o disponibilizar vacina contra Influenza das 17h \u00e0s 21 horas. Os Pronto-Atendimentos Pedro Paulo II e Breno de Medeiros tamb\u00e9m v\u00e3o oferecer a vacina das 18h \u00e0s 22 horas. O servi\u00e7o de vacina\u00e7\u00e3o \u00e0 noite s\u00f3 ocorrer\u00e1, exclusivamente, hoje.<\/p>\n<p>&nbsp;<\/p>\n<p>At\u00e9 esta ter\u00e7a-feira, 29 de maio, o Munic\u00edpio conseguiu vacinar 68,53% do p\u00fablico-alvo. O Governo Federal leva em considera\u00e7\u00e3o crian\u00e7as, gestantes, pu\u00e9rperas, professores, trabalhadores em sa\u00fade, ind\u00edgenas e idosos como meta. Em Corumb\u00e1, o objetivo \u00e9 alcan\u00e7ar 23.925 desse p\u00fablico priorit\u00e1rio. At\u00e9 o presente momento foram vacinadas 16.396 pessoas. Pacientes com comorbidades, pessoas em situa\u00e7\u00f5es cl\u00ednicas especiais, privadas de liberdade e agentes penitenci\u00e1rios n\u00e3o entram nos dados estat\u00edsticos do Governo Federal. Al\u00e9m das 23.925 doses, o Munic\u00edpio recebeu 5.713 vacinas para imunizar grupo de risco que n\u00e3o entra na meta do Minist\u00e9rio da Sa\u00fade, totalizando 29.638 pessoas que podem procurar pela vacina\u00e7\u00e3o em Corumb\u00e1.<\/p>\n<p>&nbsp;<\/p>\n<p>At\u00e9 o momento, n\u00e3o houve casos confirmados da gripe Influenza em Corumb\u00e1 no ano de 2018. O \u00faltimo \u00f3bito ocorrido na cidade em decorr\u00eancia de complica\u00e7\u00f5es da doen\u00e7a foi em 2016. Ainda assim, a Secretaria Municipal de Sa\u00fade refor\u00e7a que popula\u00e7\u00e3o n\u00e3o pode se descuidar. O uso do \u00e1lcool em gel, evitar passar as m\u00e3os no rosto sem estarem lavadas, evitar aglomera\u00e7\u00f5es e arejar bem os ambientes s\u00e3o formas de preven\u00e7\u00e3o contra a gripe. Pessoas que fazem parte do grupo de risco precisam ser vacinadas, j\u00e1 que est\u00e3o na faixa de pacientes que podem apresentar complica\u00e7\u00f5es da doen\u00e7a com mais facilidade.<\/p>\n","protected":false},"excerpt":{"rendered":"<p>Para tentar alcan\u00e7ar a meta estabelecida pelo Minist\u00e9rio da Sa\u00fade, a Prefeitura de Corumb\u00e1, por&#8230;<\/p>\n","protected":false},"author":1,"featured_media":17966,"comment_status":"closed","ping_status":"closed","sticky":false,"template":"","format":"standard","meta":{"footnotes":""},"categories":[21],"tags":[],"class_list":["post-17964","post","type-post","status-publish","format-standard","has-post-thumbnail","hentry","category-saude"],"_links":{"self":[{"href":"https:\/\/www.corumbaonline.com.br\/news\/wp-json\/wp\/v2\/posts\/17964","targetHints":{"allow":["GET"]}}],"collection":[{"href":"https:\/\/www.corumbaonline.com.br\/news\/wp-json\/wp\/v2\/posts"}],"about":[{"href":"https:\/\/www.corumbaonline.com.br\/news\/wp-json\/wp\/v2\/types\/post"}],"author":[{"embeddable":true,"href":"https:\/\/www.corumbaonline.com.br\/news\/wp-json\/wp\/v2\/users\/1"}],"replies":[{"embeddable":true,"href":"https:\/\/www.corumbaonline.com.br\/news\/wp-json\/wp\/v2\/comments?post=17964"}],"version-history":[{"count":1,"href":"https:\/\/www.corumbaonline.com.br\/news\/wp-json\/wp\/v2\/posts\/17964\/revisions"}],"predecessor-version":[{"id":17965,"href":"https:\/\/www.corumbaonline.com.br\/news\/wp-json\/wp\/v2\/posts\/17964\/revisions\/17965"}],"wp:featuredmedia":[{"embeddable":true,"href":"https:\/\/www.corumbaonline.com.br\/news\/wp-json\/wp\/v2\/media\/17966"}],"wp:attachment":[{"href":"https:\/\/www.corumbaonline.com.br\/news\/wp-json\/wp\/v2\/media?parent=17964"}],"wp:term":[{"taxonomy":"category","embeddable":true,"href":"https:\/\/www.corumbaonline.com.br\/news\/wp-json\/wp\/v2\/categories?post=17964"},{"taxonomy":"post_tag","embeddable":true,"href":"https:\/\/www.corumbaonline.com.br\/news\/wp-json\/wp\/v2\/tags?post=17964"}],"curies":[{"name":"wp","href":"https:\/\/api.w.org\/{rel}","templated":true}]}}