{"id":17971,"date":"2018-05-30T10:12:34","date_gmt":"2018-05-30T14:12:34","guid":{"rendered":"http:\/\/www.corumbaonline.com.br\/news\/?p=17971"},"modified":"2018-05-30T10:31:25","modified_gmt":"2018-05-30T14:31:25","slug":"adesao-ao-refis-rural-e-prorrogada-para-30-de-outubro","status":"publish","type":"post","link":"https:\/\/www.corumbaonline.com.br\/news\/adesao-ao-refis-rural-e-prorrogada-para-30-de-outubro\/","title":{"rendered":"Ades\u00e3o ao Refis Rural \u00e9 prorrogada para 30 de outubro"},"content":{"rendered":"<p>A ades\u00e3o ao Programa de Regulariza\u00e7\u00e3o Tribut\u00e1ria Rural, conhecido como Refis Rural, foi prorrogada mais uma vez. O\u00a0<a href=\"http:\/\/www.imprensanacional.gov.br\/materia\/-\/asset_publisher\/Kujrw0TZC2Mb\/content\/id\/16570374\/do1-2018-05-30-medida-provisoria-n-834-de-29-de-maio-de-2018-16570362\" target=\"_blank\" rel=\"noopener noreferrer\"><em>Di\u00e1rio Oficial da Uni\u00e3o<\/em><\/a>\u00a0traz hoje (30) uma medida provis\u00f3ria que prorroga o prazo, que terminaria nesta quarta-feira, para 30 de outubro de 2018.<\/p>\n<p>Essa \u00e9 a segunda prorroga\u00e7\u00e3o de prazo. Em abril, outra medida provis\u00f3ria havia prorrogado em 30 dias. A Receita Federal j\u00e1 havia informado anteriormente que a ades\u00e3o ao programa dever\u00e1 ser feita na unidade de atendimento do domic\u00edlio tribut\u00e1rio do devedor, sem a obrigatoriedade de agendamento do servi\u00e7o.<\/p>\n<p>O contribuinte que j\u00e1 aderiu ou que aderir ao programa, al\u00e9m da redu\u00e7\u00e3o de 100% dos juros, j\u00e1 prevista, ter\u00e1 dimimui\u00e7\u00e3o de 100% sobre as multas de mora e de of\u00edcio.<\/p>\n<p>No caso de pessoa jur\u00eddica, poder\u00e1 utilizar cr\u00e9ditos de Preju\u00edzos Fiscais ou de Bases de C\u00e1lculo Negativas da Contribui\u00e7\u00e3o Social sobre o Lucro L\u00edquido (CSLL) para quita\u00e7\u00e3o de parte da d\u00edvida. Esses benef\u00edcios n\u00e3o se aplicam aos 2,5% da d\u00edvida correspondentes \u00e0 entrada, disse a Receita.<\/p>\n<p><strong>Programa de Regulariza\u00e7\u00e3o Tribut\u00e1ria<\/strong><\/p>\n<p>O Programa de Regulariza\u00e7\u00e3o Tribut\u00e1ria foi institu\u00eddo pela Lei n\u00ba 13.606, de 9 de janeiro de 2018, e permite que as d\u00edvidas dos produtores rurais com a Fazenda Nacional, vencidas at\u00e9 30 de agosto de 2017, sejam renegociadas em condi\u00e7\u00f5es especiais, mediante o pagamento, sem redu\u00e7\u00f5es, de 2,5% da d\u00edvida consolidada, em duas parcelas, venc\u00edveis em abril e maio de 2018, e o restante da d\u00edvida com redu\u00e7\u00e3o de 100% dos juros de mora e das multas de mora, observado o seguinte:<\/p>\n<p>1 &#8211; se o optante for produtor rural, pessoa f\u00edsica ou jur\u00eddica, o restante da d\u00edvida ser\u00e1 parcelado em 176 meses, e o valor da parcela corresponder\u00e1 a 0,8% da m\u00e9dia mensal da receita bruta proveniente da comercializa\u00e7\u00e3o da produ\u00e7\u00e3o rural do ano imediatamente anterior ao do vencimento da parcela. A presta\u00e7\u00e3o m\u00ednima \u00e9 de R$ 100;<\/p>\n<p>2 &#8211; se o optante for adquirente de produ\u00e7\u00e3o rural de pessoa f\u00edsica ou cooperativa, o restante da d\u00edvida ser\u00e1 parcelado em 176 meses, e o valor da parcela corresponder\u00e1 a 0,3% da m\u00e9dia mensal da receita bruta proveniente da comercializa\u00e7\u00e3o do ano imediatamente anterior ao do vencimento da parcela. A presta\u00e7\u00e3o m\u00ednima \u00e9 de R$ 1.000,00.<\/p>\n","protected":false},"excerpt":{"rendered":"<p>A ades\u00e3o ao Programa de Regulariza\u00e7\u00e3o Tribut\u00e1ria Rural, conhecido como Refis Rural, foi prorrogada mais&#8230;<\/p>\n","protected":false},"author":1,"featured_media":0,"comment_status":"closed","ping_status":"closed","sticky":false,"template":"","format":"standard","meta":{"footnotes":""},"categories":[9],"tags":[],"class_list":["post-17971","post","type-post","status-publish","format-standard","hentry","category-economia"],"_links":{"self":[{"href":"https:\/\/www.corumbaonline.com.br\/news\/wp-json\/wp\/v2\/posts\/17971","targetHints":{"allow":["GET"]}}],"collection":[{"href":"https:\/\/www.corumbaonline.com.br\/news\/wp-json\/wp\/v2\/posts"}],"about":[{"href":"https:\/\/www.corumbaonline.com.br\/news\/wp-json\/wp\/v2\/types\/post"}],"author":[{"embeddable":true,"href":"https:\/\/www.corumbaonline.com.br\/news\/wp-json\/wp\/v2\/users\/1"}],"replies":[{"embeddable":true,"href":"https:\/\/www.corumbaonline.com.br\/news\/wp-json\/wp\/v2\/comments?post=17971"}],"version-history":[{"count":1,"href":"https:\/\/www.corumbaonline.com.br\/news\/wp-json\/wp\/v2\/posts\/17971\/revisions"}],"predecessor-version":[{"id":17972,"href":"https:\/\/www.corumbaonline.com.br\/news\/wp-json\/wp\/v2\/posts\/17971\/revisions\/17972"}],"wp:attachment":[{"href":"https:\/\/www.corumbaonline.com.br\/news\/wp-json\/wp\/v2\/media?parent=17971"}],"wp:term":[{"taxonomy":"category","embeddable":true,"href":"https:\/\/www.corumbaonline.com.br\/news\/wp-json\/wp\/v2\/categories?post=17971"},{"taxonomy":"post_tag","embeddable":true,"href":"https:\/\/www.corumbaonline.com.br\/news\/wp-json\/wp\/v2\/tags?post=17971"}],"curies":[{"name":"wp","href":"https:\/\/api.w.org\/{rel}","templated":true}]}}