{"id":17986,"date":"2018-05-30T10:43:09","date_gmt":"2018-05-30T14:43:09","guid":{"rendered":"http:\/\/www.corumbaonline.com.br\/news\/?p=17986"},"modified":"2018-05-30T10:57:01","modified_gmt":"2018-05-30T14:57:01","slug":"salas-de-vacina-nao-funcionarao-na-sexta-feira-1o-de-junho-em-corumba","status":"publish","type":"post","link":"https:\/\/www.corumbaonline.com.br\/news\/salas-de-vacina-nao-funcionarao-na-sexta-feira-1o-de-junho-em-corumba\/","title":{"rendered":"Salas de vacina n\u00e3o funcionar\u00e3o na sexta-feira, 1\u00ba de junho, em Corumb\u00e1"},"content":{"rendered":"<p>Por causa do Decreto N\u00ba 1.979, assinado pelo prefeito Marcelo Iunes e publicado no Di\u00e1rio Oficial de 29 de maio de 2018, onde o chefe do Executivo corumbaense declara ponto facultativo na sexta-feira, 1\u00ba junho, as salas de vacina n\u00e3o funcionar\u00e3o naquele dia. O servi\u00e7o ser\u00e1 retomado normalmente a partir do dia 04 de junho e prossegue de segunda a sexta-feira, das 07h30 \u00e0s 10h30 e das 13h30 \u00e0s 16h30, como o habitual.<\/p>\n<p>&nbsp;<\/p>\n<p>No feriado, 31 de maio, quatro salas de vacina v\u00e3o atender ao p\u00fablico, das 07h30 \u00e0s 11h30, somente com vacina\u00e7\u00e3o contra gripe. S\u00e3o essas: Luiz Fragelli, Padre Ernesto, L\u00facia Maria e Breno de Medeiros.<\/p>\n","protected":false},"excerpt":{"rendered":"<p>Por causa do Decreto N\u00ba 1.979, assinado pelo prefeito Marcelo Iunes e publicado no Di\u00e1rio&#8230;<\/p>\n","protected":false},"author":1,"featured_media":0,"comment_status":"closed","ping_status":"closed","sticky":false,"template":"","format":"standard","meta":{"footnotes":""},"categories":[21],"tags":[],"class_list":["post-17986","post","type-post","status-publish","format-standard","hentry","category-saude"],"_links":{"self":[{"href":"https:\/\/www.corumbaonline.com.br\/news\/wp-json\/wp\/v2\/posts\/17986","targetHints":{"allow":["GET"]}}],"collection":[{"href":"https:\/\/www.corumbaonline.com.br\/news\/wp-json\/wp\/v2\/posts"}],"about":[{"href":"https:\/\/www.corumbaonline.com.br\/news\/wp-json\/wp\/v2\/types\/post"}],"author":[{"embeddable":true,"href":"https:\/\/www.corumbaonline.com.br\/news\/wp-json\/wp\/v2\/users\/1"}],"replies":[{"embeddable":true,"href":"https:\/\/www.corumbaonline.com.br\/news\/wp-json\/wp\/v2\/comments?post=17986"}],"version-history":[{"count":1,"href":"https:\/\/www.corumbaonline.com.br\/news\/wp-json\/wp\/v2\/posts\/17986\/revisions"}],"predecessor-version":[{"id":17987,"href":"https:\/\/www.corumbaonline.com.br\/news\/wp-json\/wp\/v2\/posts\/17986\/revisions\/17987"}],"wp:attachment":[{"href":"https:\/\/www.corumbaonline.com.br\/news\/wp-json\/wp\/v2\/media?parent=17986"}],"wp:term":[{"taxonomy":"category","embeddable":true,"href":"https:\/\/www.corumbaonline.com.br\/news\/wp-json\/wp\/v2\/categories?post=17986"},{"taxonomy":"post_tag","embeddable":true,"href":"https:\/\/www.corumbaonline.com.br\/news\/wp-json\/wp\/v2\/tags?post=17986"}],"curies":[{"name":"wp","href":"https:\/\/api.w.org\/{rel}","templated":true}]}}