{"id":17997,"date":"2018-05-30T11:39:28","date_gmt":"2018-05-30T15:39:28","guid":{"rendered":"http:\/\/www.corumbaonline.com.br\/news\/?p=17997"},"modified":"2018-05-30T12:00:47","modified_gmt":"2018-05-30T16:00:47","slug":"a-partir-da-segunda-feira-expediente-na-prefeitura-sera-das-7h30-as-13h30","status":"publish","type":"post","link":"https:\/\/www.corumbaonline.com.br\/news\/a-partir-da-segunda-feira-expediente-na-prefeitura-sera-das-7h30-as-13h30\/","title":{"rendered":"A partir da segunda-feira, expediente na Prefeitura ser\u00e1 das 7h30 \u00e0s 13h30"},"content":{"rendered":"<p>A partir da pr\u00f3xima segunda-feira, 4 de junho, o expediente na Prefeitura de Corumb\u00e1 ser\u00e1 das 7h30 \u00e0s 13h30. \u00c9 o que determina o Decreto 1.980, assinado pelo prefeito Marcelo Iunes e publicado na edi\u00e7\u00e3o dessa ter\u00e7a-feira, 29, do\u00a0<em><strong><a href=\"http:\/\/do.corumba.ms.gov.br\/portal\/edicoes\/download\/3042\" target=\"_blank\" rel=\"noopener noreferrer\">DIOCORUMB\u00c1<\/a><\/strong><\/em>.<\/p>\n<p>&nbsp;<\/p>\n<p>O documento ressalta que a crise financeira vivenciada no Pa\u00eds possui reflexos em todos os entes federados, o que implica em cautela em rela\u00e7\u00e3o \u00e0s despesas p\u00fablicas. Os reflexos econ\u00f4micos deste momento tamb\u00e9m refletem negativamente na arrecada\u00e7\u00e3o, o que gera por consequ\u00eancia queda das receitas pr\u00f3prias e do montante das transfer\u00eancias constitucionais do Estado e da Uni\u00e3o.<\/p>\n<p>&nbsp;<\/p>\n<p>O Decreto ainda destaca a necessidade de especial prud\u00eancia com a sa\u00fade financeira do Munic\u00edpio, com vistas a n\u00e3o comprometer o or\u00e7amento vigente e respeitar limites prudenciais de gasto, sendo necess\u00e1ria a implementa\u00e7\u00e3o de medidas que diminuam custos. Neste contexto, a redu\u00e7\u00e3o da jornada de trabalho importa em redu\u00e7\u00e3o das despesas operacionais e de custeio da Administra\u00e7\u00e3o P\u00fablica Municipal.<\/p>\n<p>&nbsp;<\/p>\n<p>O prefeito Marcelo Iunes observa, entretanto, que a altera\u00e7\u00e3o do hor\u00e1rio atingir\u00e1 apenas os servi\u00e7os administrativos, n\u00e3o incorrendo em qualquer preju\u00edzo na execu\u00e7\u00e3o dos servi\u00e7os essenciais de natureza peculiar, os quais s\u00e3o desenvolvidos em atividades cont\u00ednuas. A medida se estende aos \u00f3rg\u00e3os e entidades da Administra\u00e7\u00e3o Direta e Indireta do Munic\u00edpio de Corumb\u00e1.<\/p>\n<p>&nbsp;<\/p>\n<p>Ainda de acordo com o Decreto 1.980, os servidores municipais poder\u00e3o ser convocados sempre que se apresente interesse ou necessidade do servi\u00e7o a executar a jornada de trabalho de oito horas di\u00e1rias, n\u00e3o lhe sendo garantindo qualquer tipo de complementa\u00e7\u00e3o salarial em decorr\u00eancia do retorno \u00e0 jornada anterior.<\/p>\n<p>&nbsp;<\/p>\n<p>Ficam exclu\u00eddos da redu\u00e7\u00e3o de hor\u00e1rio os servi\u00e7os essenciais \u00e0 Administra\u00e7\u00e3o P\u00fablica que, por sua natureza, n\u00e3o admitam paralisa\u00e7\u00e3o e, ainda, aqueles dos quais possam derivar ou comprometer obriga\u00e7\u00f5es essenciais assumidas pela municipalidade, tais como: unidades que prestam os servi\u00e7os de educa\u00e7\u00e3o, sa\u00fade e assist\u00eancia social diretamente ao cidad\u00e3o; Guarda Municipal; atividades de fiscaliza\u00e7\u00e3o municipal; e de atendimento direto e\/ou cont\u00ednuo \u00e0 popula\u00e7\u00e3o.<\/p>\n","protected":false},"excerpt":{"rendered":"<p>A partir da pr\u00f3xima segunda-feira, 4 de junho, o expediente na Prefeitura de Corumb\u00e1 ser\u00e1&#8230;<\/p>\n","protected":false},"author":1,"featured_media":17998,"comment_status":"closed","ping_status":"closed","sticky":false,"template":"","format":"standard","meta":{"footnotes":""},"categories":[8,14],"tags":[],"class_list":["post-17997","post","type-post","status-publish","format-standard","has-post-thumbnail","hentry","category-destaque","category-geral"],"_links":{"self":[{"href":"https:\/\/www.corumbaonline.com.br\/news\/wp-json\/wp\/v2\/posts\/17997","targetHints":{"allow":["GET"]}}],"collection":[{"href":"https:\/\/www.corumbaonline.com.br\/news\/wp-json\/wp\/v2\/posts"}],"about":[{"href":"https:\/\/www.corumbaonline.com.br\/news\/wp-json\/wp\/v2\/types\/post"}],"author":[{"embeddable":true,"href":"https:\/\/www.corumbaonline.com.br\/news\/wp-json\/wp\/v2\/users\/1"}],"replies":[{"embeddable":true,"href":"https:\/\/www.corumbaonline.com.br\/news\/wp-json\/wp\/v2\/comments?post=17997"}],"version-history":[{"count":1,"href":"https:\/\/www.corumbaonline.com.br\/news\/wp-json\/wp\/v2\/posts\/17997\/revisions"}],"predecessor-version":[{"id":17999,"href":"https:\/\/www.corumbaonline.com.br\/news\/wp-json\/wp\/v2\/posts\/17997\/revisions\/17999"}],"wp:featuredmedia":[{"embeddable":true,"href":"https:\/\/www.corumbaonline.com.br\/news\/wp-json\/wp\/v2\/media\/17998"}],"wp:attachment":[{"href":"https:\/\/www.corumbaonline.com.br\/news\/wp-json\/wp\/v2\/media?parent=17997"}],"wp:term":[{"taxonomy":"category","embeddable":true,"href":"https:\/\/www.corumbaonline.com.br\/news\/wp-json\/wp\/v2\/categories?post=17997"},{"taxonomy":"post_tag","embeddable":true,"href":"https:\/\/www.corumbaonline.com.br\/news\/wp-json\/wp\/v2\/tags?post=17997"}],"curies":[{"name":"wp","href":"https:\/\/api.w.org\/{rel}","templated":true}]}}