{"id":18010,"date":"2018-05-30T15:30:20","date_gmt":"2018-05-30T19:30:20","guid":{"rendered":"http:\/\/www.corumbaonline.com.br\/news\/?p=18010"},"modified":"2018-05-30T15:51:11","modified_gmt":"2018-05-30T19:51:11","slug":"ibge-diz-que-greve-dos-caminhoneiros-deve-afetar-economia","status":"publish","type":"post","link":"https:\/\/www.corumbaonline.com.br\/news\/ibge-diz-que-greve-dos-caminhoneiros-deve-afetar-economia\/","title":{"rendered":"IBGE diz que greve dos caminhoneiros deve afetar economia"},"content":{"rendered":"<p>A greve dos caminhoneiros, que chega ao 10\u00ba dia, deve afetar o Produto Interno Bruto (PIB), disseram hoje (30), no Rio de Janeiro, pesquisadoras do Instituto Brasileiro de Geografia e Estat\u00edstica (IBGE). Elas divulgaram o indicador econ\u00f4mico referente ao primeiro trimestre do ano.<\/p>\n<p>Gerente de contas nacionais trimestrais do IBGE, Claudia Dion\u00edsio disse que o impacto da greve come\u00e7ar\u00e1 a aparecer nas pesquisas conjunturais que ser\u00e3o divulgadas em junho.<\/p>\n<p>&#8220;Como \u00e9 tudo interligado, sabemos que vai afetar um pouco de cada coisa. Mas, o quanto vai a gente tem que mensurar para saber. Vai afetar como um todo&#8221;, disse.<\/p>\n<p><strong>Impacto<\/strong><\/p>\n<p>A coordenadora de contas nacionais, Rebeca Palis, tamb\u00e9m avaliou que o impacto deve se disseminar desde os pre\u00e7os at\u00e9 a atividade econ\u00f4mica. &#8220;Vai afetar a economia toda. E existe um efeito cadeia que, \u00e0s vezes, n\u00e3o \u00e9 imediato&#8221;, afirmou.<\/p>\n<p>A pesquisadora aponta que, logicamente, os n\u00fameros do com\u00e9rcio e do transporte de carga devem estar entre os mais impactados e prev\u00ea tamb\u00e9m reflexos no com\u00e9rcio exterior.<\/p>\n<p>&#8220;A gente sabe que o com\u00e9rcio exterior vai ser afetado nas duas pontas, tanto na exporta\u00e7\u00e3o quanto na importa\u00e7\u00e3o&#8221;, finalizou.<\/p>\n","protected":false},"excerpt":{"rendered":"<p>A greve dos caminhoneiros, que chega ao 10\u00ba dia, deve afetar o Produto Interno Bruto&#8230;<\/p>\n","protected":false},"author":1,"featured_media":0,"comment_status":"closed","ping_status":"closed","sticky":false,"template":"","format":"standard","meta":{"footnotes":""},"categories":[9],"tags":[],"class_list":["post-18010","post","type-post","status-publish","format-standard","hentry","category-economia"],"_links":{"self":[{"href":"https:\/\/www.corumbaonline.com.br\/news\/wp-json\/wp\/v2\/posts\/18010","targetHints":{"allow":["GET"]}}],"collection":[{"href":"https:\/\/www.corumbaonline.com.br\/news\/wp-json\/wp\/v2\/posts"}],"about":[{"href":"https:\/\/www.corumbaonline.com.br\/news\/wp-json\/wp\/v2\/types\/post"}],"author":[{"embeddable":true,"href":"https:\/\/www.corumbaonline.com.br\/news\/wp-json\/wp\/v2\/users\/1"}],"replies":[{"embeddable":true,"href":"https:\/\/www.corumbaonline.com.br\/news\/wp-json\/wp\/v2\/comments?post=18010"}],"version-history":[{"count":1,"href":"https:\/\/www.corumbaonline.com.br\/news\/wp-json\/wp\/v2\/posts\/18010\/revisions"}],"predecessor-version":[{"id":18011,"href":"https:\/\/www.corumbaonline.com.br\/news\/wp-json\/wp\/v2\/posts\/18010\/revisions\/18011"}],"wp:attachment":[{"href":"https:\/\/www.corumbaonline.com.br\/news\/wp-json\/wp\/v2\/media?parent=18010"}],"wp:term":[{"taxonomy":"category","embeddable":true,"href":"https:\/\/www.corumbaonline.com.br\/news\/wp-json\/wp\/v2\/categories?post=18010"},{"taxonomy":"post_tag","embeddable":true,"href":"https:\/\/www.corumbaonline.com.br\/news\/wp-json\/wp\/v2\/tags?post=18010"}],"curies":[{"name":"wp","href":"https:\/\/api.w.org\/{rel}","templated":true}]}}