{"id":18015,"date":"2018-05-30T15:54:04","date_gmt":"2018-05-30T19:54:04","guid":{"rendered":"http:\/\/www.corumbaonline.com.br\/news\/?p=18015"},"modified":"2018-05-30T16:08:47","modified_gmt":"2018-05-30T20:08:47","slug":"maio-amarelo-agetrat-e-policia-boliviana-realizam-blitz-educativa-internacional","status":"publish","type":"post","link":"https:\/\/www.corumbaonline.com.br\/news\/maio-amarelo-agetrat-e-policia-boliviana-realizam-blitz-educativa-internacional\/","title":{"rendered":"Maio Amarelo: Agetrat e Pol\u00edcia Boliviana realizam blitz educativa internacional"},"content":{"rendered":"<p>Agentes da Ag\u00eancia Municipal de Tr\u00e2nsito e Transporte (Agetrat) em conjunto com a Pol\u00edcia Boliviana de Tr\u00e2nsito, realizou na manh\u00e3 desta quarta-feira, 30 de maio, blitz internacional educativa. A ponte que divide os dois pa\u00edses foi o ponto escolhido para juntos, alertarem sobre cumprimento da legisla\u00e7\u00e3o de tr\u00e2nsito no cotidiano dos moradores que vivem na faixa de fronteira.<u><\/u><u><\/u><\/p>\n<p>Conforme o diretor-executivo da Ag\u00eancia de Tr\u00e2nsito de Corumb\u00e1, Cleiton Douglas, as a\u00e7\u00f5es conjuntas, ainda mais de car\u00e1ter internacional s\u00e3o de extrema import\u00e2ncia, pois unir for\u00e7as por um tr\u00e2nsito mais seguro \u00e9 uma necessidade.<u><\/u><u><\/u><\/p>\n<p>\u201cQueremos trazer a Pol\u00edcia Boliviana para que juntos, possamos refor\u00e7ar ainda mais a quest\u00e3o do Maio Amarelo. \u00c9 de extrema import\u00e2ncia que haja consci\u00eancia tanto do condutor do pa\u00eds vizinho quanto do brasileiro em territ\u00f3rio internacional\u201d, falou Cleiton.<u><\/u><u><\/u><\/p>\n<p>J\u00e1 o diretor de tr\u00e2nsito da prov\u00edncia\u00a0German\u00a0Busch, Erlan Mendonza Rufino, a a\u00e7\u00e3o \u00e9 de extrema import\u00e2ncia entre os dois pa\u00edses. \u201cTemos todos os dias e a todo momento o ingresso e sa\u00edda de condutores, tanto boliviano, quanto brasileiro e a aten\u00e7\u00e3o no tr\u00e2nsito deve ser mantida nos dois territ\u00f3rios\u201d, destacou.<u><\/u><u><\/u><\/p>\n<p>Na oportunidade, o diretor da Agetrat falou sobre as a\u00e7\u00f5es do Maio Amarelo, no que se refere a redu\u00e7\u00e3o no n\u00famero de acidentes na regi\u00e3o pantaneira.<u><\/u><u><\/u><\/p>\n<p>\u201cForam alcan\u00e7ados 100% dos trabalhos referente \u00e0 educa\u00e7\u00e3o ao tr\u00e2nsito, principal ponto abordado durante o movimento, o que representa cerca de 33.809 pessoas alcan\u00e7adas, por meio de orienta\u00e7\u00f5es que vai desde crian\u00e7as at\u00e9 adultos. Apesar do m\u00eas de maio estar chegando ao fim, queremos lembrar que os trabalhos continuam e devem permanecer durante todo o ano, para que possamos ter um tr\u00e2nsito seguro\u201d, falou o diretor da Agetrat.<u><\/u><u><\/u><\/p>\n<p>Ele ainda frisa que o mal uso do cinto de seguran\u00e7a, do celular enquanto o motorista est\u00e1 na dire\u00e7\u00e3o, tanto de carro, como de moto e tamb\u00e9m a falta de aten\u00e7\u00e3o, s\u00e3o as infra\u00e7\u00f5es com mais proced\u00eancias no tr\u00e2nsito da cidade.<u><\/u><u><\/u><\/p>\n<p>\u201cAs nossas estat\u00edsticas mostram que de janeiro a abril desse ano, no m\u00ednimo aumentamos 50% os n\u00fameros referente a infra\u00e7\u00f5es se comprado ao ano passado, mas diante disso, nossos agentes est\u00e3o mais atuante. J\u00e1 em rela\u00e7\u00e3o \u00e0s infra\u00e7\u00f5es mais comuns est\u00e3o o uso do celular ao dirigir e tamb\u00e9m o mal uso do estacionamento proibidos. A falta de consci\u00eancia nas duas quest\u00f5es reflete de forma negativa em nosso tr\u00e2nsito. Por isso \u00e9 de extrema import\u00e2ncia dessas a\u00e7\u00f5es de educa\u00e7\u00e3o no tr\u00e2nsito\u201d, finalizou.<u><\/u><u><\/u><\/p>\n<p><b>Maio Amarelo<\/b><u><\/u><u><\/u><\/p>\n<p>O Maio Amarelo \u00e9 um movimento internacional de conscientiza\u00e7\u00e3o para redu\u00e7\u00e3o de acidentes de tr\u00e2nsito. O tr\u00e2nsito deve ser seguro para todos em qualquer situa\u00e7\u00e3o. Porque maio? Foi uma proposta da ONU quando decretou a d\u00e9cada de a\u00e7\u00e3o para seguran\u00e7a no tr\u00e2nsito em 11 de maio de 2011. Porque amarelo? A cor amarela foi escolhida por ser a cor da advert\u00eancia no tr\u00e2nsito, sinal de alerta aos motoristas.<u><\/u><u><\/u><\/p>\n<p>Por que la\u00e7o? O la\u00e7o s\u00edmbolo do movimento \u00e9 um sinal conhecido no mundo inteiro, e o la\u00e7o j\u00e1 representa in\u00fameros movimentos. Quem utilizar o la\u00e7o demonstra que adota posturas de responsabilidade no tr\u00e2nsito e entende o transitar seguro como uma a\u00e7\u00e3o de toda sociedade e n\u00e3o apenas de um organismo especifico.<u><\/u><u><\/u><\/p>\n<p>O objetivo \u00e9 lembrar as pessoas de algumas regras b\u00e1sicas, levar as pessoas a respeitarem a legisla\u00e7\u00e3o de tr\u00e2nsito. \u201cOs pedestres t\u00eam que atravessar\u201d na faixa, o motociclista n\u00e3o deve se espremer no meio dos carros ou fazer ultrapassagens arriscadas, e ningu\u00e9m, jamais, deve dirigir depois de ter ingerido bebida alco\u00f3lica.<\/p>\n","protected":false},"excerpt":{"rendered":"<p>Agentes da Ag\u00eancia Municipal de Tr\u00e2nsito e Transporte (Agetrat) em conjunto com a Pol\u00edcia Boliviana&#8230;<\/p>\n","protected":false},"author":1,"featured_media":18016,"comment_status":"closed","ping_status":"closed","sticky":false,"template":"","format":"standard","meta":{"footnotes":""},"categories":[8,14],"tags":[],"class_list":["post-18015","post","type-post","status-publish","format-standard","has-post-thumbnail","hentry","category-destaque","category-geral"],"_links":{"self":[{"href":"https:\/\/www.corumbaonline.com.br\/news\/wp-json\/wp\/v2\/posts\/18015","targetHints":{"allow":["GET"]}}],"collection":[{"href":"https:\/\/www.corumbaonline.com.br\/news\/wp-json\/wp\/v2\/posts"}],"about":[{"href":"https:\/\/www.corumbaonline.com.br\/news\/wp-json\/wp\/v2\/types\/post"}],"author":[{"embeddable":true,"href":"https:\/\/www.corumbaonline.com.br\/news\/wp-json\/wp\/v2\/users\/1"}],"replies":[{"embeddable":true,"href":"https:\/\/www.corumbaonline.com.br\/news\/wp-json\/wp\/v2\/comments?post=18015"}],"version-history":[{"count":1,"href":"https:\/\/www.corumbaonline.com.br\/news\/wp-json\/wp\/v2\/posts\/18015\/revisions"}],"predecessor-version":[{"id":18017,"href":"https:\/\/www.corumbaonline.com.br\/news\/wp-json\/wp\/v2\/posts\/18015\/revisions\/18017"}],"wp:featuredmedia":[{"embeddable":true,"href":"https:\/\/www.corumbaonline.com.br\/news\/wp-json\/wp\/v2\/media\/18016"}],"wp:attachment":[{"href":"https:\/\/www.corumbaonline.com.br\/news\/wp-json\/wp\/v2\/media?parent=18015"}],"wp:term":[{"taxonomy":"category","embeddable":true,"href":"https:\/\/www.corumbaonline.com.br\/news\/wp-json\/wp\/v2\/categories?post=18015"},{"taxonomy":"post_tag","embeddable":true,"href":"https:\/\/www.corumbaonline.com.br\/news\/wp-json\/wp\/v2\/tags?post=18015"}],"curies":[{"name":"wp","href":"https:\/\/api.w.org\/{rel}","templated":true}]}}