{"id":18018,"date":"2018-05-30T16:09:45","date_gmt":"2018-05-30T20:09:45","guid":{"rendered":"http:\/\/www.corumbaonline.com.br\/news\/?p=18018"},"modified":"2018-05-30T16:09:45","modified_gmt":"2018-05-30T20:09:45","slug":"periodo-de-vacinacao-contra-aftosa-e-prorrogado-em-mato-grosso-do-sul","status":"publish","type":"post","link":"https:\/\/www.corumbaonline.com.br\/news\/periodo-de-vacinacao-contra-aftosa-e-prorrogado-em-mato-grosso-do-sul\/","title":{"rendered":"Per\u00edodo de vacina\u00e7\u00e3o contra aftosa \u00e9 prorrogado em Mato Grosso do Sul"},"content":{"rendered":"<p>A campanha de vacina\u00e7\u00e3o contra a febre aftosa em Mato Grosso do Sul, que teve in\u00edcio oficialmente dia 1\u00ba de maio e tinha o termino programado para dia 31 de maio nas regi\u00f5es de Planalto e Fronteira e 15 de junho no Pantanal, foi prorrogado por mais quinze dias.<\/p>\n<p>A decis\u00e3o foi anunciada na tarde desta ter\u00e7a-feira (29.5) pelo governador Reinaldo Azambuja, ap\u00f3s decis\u00e3o conjunta do Governo do Estado com o setor produtivo atrav\u00e9s de uma solicita\u00e7\u00e3o da Famasul.<\/p>\n<p>O prazo final para o produtor comunicar a vacina\u00e7\u00e3o no sistema da Iagro tamb\u00e9m ser\u00e1 prorrogado ficando estendido at\u00e9 o dia 30 de junho no Planalto e na regi\u00e3o de Fronteira e at\u00e9 dia 17 de julho para os propriet\u00e1rios rurais estabelecidos no Pantanal.<\/p>\n<p>O decreto foi assinado pelo Diretor Presidente da Iagro (Ag\u00eancia Estadual de Vigil\u00e2ncia Sanit\u00e1ria Animal e Vegetal), Luciano Chiochetta, na presen\u00e7a ainda dos Secret\u00e1rios de Estado Jaime Verruck (Semagro) e Eduardo Riedel (Segov) e o superintendente de Agricultura, Pecu\u00e1ria e Abastecimento em Mato Grosso do Sul, Celso Martins e o Presidente da Famasul (Federa\u00e7\u00e3o de Agricultura de Mato Grosso do Sul), Maur\u00edcio Saito.<\/p>\n<p><strong>Meta<\/strong><\/p>\n<p>O rebanho do Estado soma 21 milh\u00f5es de cabe\u00e7as de bovinos e bubalinos e a meta do governo \u00e9 vacinar 99% dos animais, embora a exig\u00eancia dos \u00f3rg\u00e3os sanit\u00e1rios seja atingir no m\u00ednimo 80%.<\/p>\n<p>Buscando garantir a vacina\u00e7\u00e3o em todo Estado e manter o \u00edndice de cobertura vacinal, o Estado ampliou o prazo para assegurar o restabelecimento do abastecimento das empresas revendedoras da vacina, que est\u00e3o com seus estoques reduzidos, por conta do movimento grevista que atingiu o transporte em todo Pa\u00eds.<\/p>\n<p>O Secretario Jaime acredita que os quinze dias de prorroga\u00e7\u00e3o ser\u00e3o suficientes para a readequa\u00e7\u00e3o dos estoques das revendas de vacinas em todo o Estado, considerando o bom andamento das conversa\u00e7\u00f5es que buscam cessar o movimento grevista no Estado.<\/p>\n<p>Quanto a uma solicita\u00e7\u00e3o anterior dos produtores da regi\u00e3o do Pantanal, que tem nas cheias uma outra preocupa\u00e7\u00e3o para o cumprimento do prazo de vacina\u00e7\u00e3o Verruck esclareceu que o Estado continua analisando\u00a0 atrav\u00e9s do trabalho de monitoramento da Iagro em parceria com o Minist\u00e9rio da Agricultura, os n\u00edveis de enchente e dentro do per\u00edodo de prorroga\u00e7\u00e3o anunciado hoje ser\u00e1 feito a avalia\u00e7\u00e3o t\u00e9cnica e oferecida medida especifica para os munic\u00edpios que comp\u00f5e a regi\u00e3o do pantanal.<\/p>\n<p>Garantir que mais de 99% do rebanho do Estado seja vacinado \u00e9 importante para assegurar o status de zona livre de febre aftosa com vacina\u00e7\u00e3o, que o Pa\u00eds conquistou recentemente e que deve ampliar o leque de oportunidades de neg\u00f3cios com a carne bovina do Brasil, que hoje j\u00e1 chega a 150 pa\u00edses.<\/p>\n<p>Jaime Verruck lembra que Mato Grosso do Sul tem um rebanho altamente produtivo (reduziu e 2 milh\u00f5es de hectares a \u00e1rea de pastagem, mas mant\u00e9m o volume de abate), \u00e9 l\u00edder no abate de bezerro com at\u00e9 24 meses de idade e tem carne de qualidade comprovada.<\/p>\n","protected":false},"excerpt":{"rendered":"<p>A campanha de vacina\u00e7\u00e3o contra a febre aftosa em Mato Grosso do Sul, que teve&#8230;<\/p>\n","protected":false},"author":1,"featured_media":0,"comment_status":"closed","ping_status":"closed","sticky":false,"template":"","format":"standard","meta":{"footnotes":""},"categories":[2],"tags":[],"class_list":["post-18018","post","type-post","status-publish","format-standard","hentry","category-agropecuaria"],"_links":{"self":[{"href":"https:\/\/www.corumbaonline.com.br\/news\/wp-json\/wp\/v2\/posts\/18018","targetHints":{"allow":["GET"]}}],"collection":[{"href":"https:\/\/www.corumbaonline.com.br\/news\/wp-json\/wp\/v2\/posts"}],"about":[{"href":"https:\/\/www.corumbaonline.com.br\/news\/wp-json\/wp\/v2\/types\/post"}],"author":[{"embeddable":true,"href":"https:\/\/www.corumbaonline.com.br\/news\/wp-json\/wp\/v2\/users\/1"}],"replies":[{"embeddable":true,"href":"https:\/\/www.corumbaonline.com.br\/news\/wp-json\/wp\/v2\/comments?post=18018"}],"version-history":[{"count":1,"href":"https:\/\/www.corumbaonline.com.br\/news\/wp-json\/wp\/v2\/posts\/18018\/revisions"}],"predecessor-version":[{"id":18019,"href":"https:\/\/www.corumbaonline.com.br\/news\/wp-json\/wp\/v2\/posts\/18018\/revisions\/18019"}],"wp:attachment":[{"href":"https:\/\/www.corumbaonline.com.br\/news\/wp-json\/wp\/v2\/media?parent=18018"}],"wp:term":[{"taxonomy":"category","embeddable":true,"href":"https:\/\/www.corumbaonline.com.br\/news\/wp-json\/wp\/v2\/categories?post=18018"},{"taxonomy":"post_tag","embeddable":true,"href":"https:\/\/www.corumbaonline.com.br\/news\/wp-json\/wp\/v2\/tags?post=18018"}],"curies":[{"name":"wp","href":"https:\/\/api.w.org\/{rel}","templated":true}]}}