{"id":18033,"date":"2018-05-31T12:10:16","date_gmt":"2018-05-31T16:10:16","guid":{"rendered":"http:\/\/www.corumbaonline.com.br\/news\/?p=18033"},"modified":"2018-05-31T12:37:40","modified_gmt":"2018-05-31T16:37:40","slug":"caminhoneiros-liberam-todas-as-rodovias-federais-de-ms-diz-prf","status":"publish","type":"post","link":"https:\/\/www.corumbaonline.com.br\/news\/caminhoneiros-liberam-todas-as-rodovias-federais-de-ms-diz-prf\/","title":{"rendered":"Caminhoneiros liberam todas as rodovias federais de MS, diz PRF"},"content":{"rendered":"<p>A PRF (Pol\u00edcia Rodovi\u00e1ria Federal) informou na manh\u00e3 desta quinta-feira (31), n\u00e3o h\u00e1 pontos de bloqueio e de manifesta\u00e7\u00e3o renascentes da greve dos caminhoneiros, que durou dez dias. Na noite de quarta-feira (30), ainda eram registrados pontos de bloqueios em rodovias federais: em Ponta Por\u00e3 (BR-463), Maracaju (BR-267) e Nova Alvorada do Sul (BR-267).<\/p>\n<p>Os \u00faltimos focos de resist\u00eancia \u00e0 desocupa\u00e7\u00e3o das rodovias eram de caminhoneiros aut\u00f4nomos que afirmavam n\u00e3o reconhecem a legitimidade do sindicato que representa a categoria e que fechou acordo com o Governo Federal. Nesses locais, os caminhoneiros decidiram seguir viagem contaram com o apoio da PRF.<\/p>\n<p>De acordo com o inspetor da PRF, Luiz Alexandre, com o fim das manifesta\u00e7\u00f5es, a corpora\u00e7\u00e3o vai seguir com o trabalho de rotina com acompanhamento e monitoramento nas rodovias. Caso seja notado algum movimento fora do comum, ser\u00e1 aumentado o efetivo.<\/p>\n<p>Desde sexta feita passada, a PRF montou escrit\u00f3rio no CMO (Comando Militar do Oeste) para trabalhar na coordena\u00e7\u00e3o da opera\u00e7\u00e3o \u201cde forma coordenada e harm\u00f4nica\u201d, segundo inspetor.<\/p>\n<p>Durante o per\u00edodo de manifesta\u00e7\u00f5es, foram feitas 111 escoltas de um total de 191 pedidos. Segundo a PRF, a maioria das escoltas foram solicitadas pelas pessoas que estavam dentro dos bloqueios e temiam agress\u00f5es ao deixarem a mobiliza\u00e7\u00e3o.<\/p>\n<p>A corpora\u00e7\u00e3o tamb\u00e9m espera aumento de tr\u00e1fego de caminh\u00f5es pelas rodovias neste feriado, por conta dos ve\u00edculos que estavam parados e proibi\u00e7\u00e3o da circula\u00e7\u00e3o de bitrens no feriado foi suspensa.<\/p>\n<p>Ainda conforme o balan\u00e7o da PRF, foram registradas duas situa\u00e7\u00f5es de apedrejamento de escoltas durante o per\u00edodo de manifesta\u00e7\u00f5es: uma na BR-163, em Campo Grande, e outra em Ponta Por\u00e3. No segundo caso, o autor do apedrejamento do comboio foi identificado e preso. Ele possu\u00eda mandado de pris\u00e3o em aberto e, segundo a PRF, quem agride escolta policial responde pelo crime de tentativa de homic\u00eddio.<\/p>\n<p>Ainda foram aplicadas 24 multas em pessoas envolvidas no movimento. Em todo o brasil foram quase 900.<\/p>\n<h3>Greve em MS<\/h3>\n<p>A greve dos caminhoneiros durou dez dias e foi mobilizada, principalmente, pelos caminhoneiros aut\u00f4nomos. A manifesta\u00e7\u00e3o foi ganhando apoio de outras categorias e de motoristas de transportadoras. O estopim para os protestos, foi o aumento sucessivo do valor do diesel pela Petrobras.<\/p>\n<p>No decorrer da mobiliza\u00e7\u00e3o, outras pautas surgiram e, em Mato Grosso do Sul, o coro pela redu\u00e7\u00e3o do ICMS (Imposto Sobre Circula\u00e7\u00e3o de Mercadorias e Servi\u00e7os) ganhou for\u00e7a e foi apoiado pela classe dos produtores rurais. A reinvindica\u00e7\u00e3o foi aceita pelo governador Reinaldo Azambuja (PSDB), que baixou a al\u00edquota do imposto de 17% para 12%.<\/p>\n<p>O Estado chegou a ter mais de 70 pontos de manifesta\u00e7\u00f5es entre bloqueios e protestos em postos de combust\u00edveis e acostamento de rodovias.<\/p>\n<p>Paralelamente, o presidente Michel Temer (MDB-RJ) negociou com a Abcam (Associa\u00e7\u00e3o Brasileira dos Caminhoneiros) das rodovias. A entidade fechou acordo com o Governo Federal para congelar por 60 dias a redu\u00e7\u00e3o do pre\u00e7o do diesel na bomba em R$ 0,46 por litro, valor referente ao que seria a retirada do PIS\/Cofins e da Cide sobre esse combust\u00edvel. Depois desse per\u00edodo, o pre\u00e7o do diesel ser\u00e1 ajustado mensalmente. Al\u00e9m disso, a al\u00edquota da Cide sobre o diesel ser\u00e1 zerada at\u00e9 o final do ano.<\/p>\n","protected":false},"excerpt":{"rendered":"<p>A PRF (Pol\u00edcia Rodovi\u00e1ria Federal) informou na manh\u00e3 desta quinta-feira (31), n\u00e3o h\u00e1 pontos de&#8230;<\/p>\n","protected":false},"author":1,"featured_media":0,"comment_status":"closed","ping_status":"closed","sticky":false,"template":"","format":"standard","meta":{"footnotes":""},"categories":[18],"tags":[],"class_list":["post-18033","post","type-post","status-publish","format-standard","hentry","category-seguranca"],"_links":{"self":[{"href":"https:\/\/www.corumbaonline.com.br\/news\/wp-json\/wp\/v2\/posts\/18033","targetHints":{"allow":["GET"]}}],"collection":[{"href":"https:\/\/www.corumbaonline.com.br\/news\/wp-json\/wp\/v2\/posts"}],"about":[{"href":"https:\/\/www.corumbaonline.com.br\/news\/wp-json\/wp\/v2\/types\/post"}],"author":[{"embeddable":true,"href":"https:\/\/www.corumbaonline.com.br\/news\/wp-json\/wp\/v2\/users\/1"}],"replies":[{"embeddable":true,"href":"https:\/\/www.corumbaonline.com.br\/news\/wp-json\/wp\/v2\/comments?post=18033"}],"version-history":[{"count":1,"href":"https:\/\/www.corumbaonline.com.br\/news\/wp-json\/wp\/v2\/posts\/18033\/revisions"}],"predecessor-version":[{"id":18034,"href":"https:\/\/www.corumbaonline.com.br\/news\/wp-json\/wp\/v2\/posts\/18033\/revisions\/18034"}],"wp:attachment":[{"href":"https:\/\/www.corumbaonline.com.br\/news\/wp-json\/wp\/v2\/media?parent=18033"}],"wp:term":[{"taxonomy":"category","embeddable":true,"href":"https:\/\/www.corumbaonline.com.br\/news\/wp-json\/wp\/v2\/categories?post=18033"},{"taxonomy":"post_tag","embeddable":true,"href":"https:\/\/www.corumbaonline.com.br\/news\/wp-json\/wp\/v2\/tags?post=18033"}],"curies":[{"name":"wp","href":"https:\/\/api.w.org\/{rel}","templated":true}]}}