{"id":18035,"date":"2018-05-31T12:18:00","date_gmt":"2018-05-31T16:18:00","guid":{"rendered":"http:\/\/www.corumbaonline.com.br\/news\/?p=18035"},"modified":"2018-05-31T12:39:16","modified_gmt":"2018-05-31T16:39:16","slug":"marun-diz-que-preco-do-diesel-caira-r-046-a-partir-de-sexta-feira","status":"publish","type":"post","link":"https:\/\/www.corumbaonline.com.br\/news\/marun-diz-que-preco-do-diesel-caira-r-046-a-partir-de-sexta-feira\/","title":{"rendered":"Marun diz que pre\u00e7o do diesel cair\u00e1 R$ 0,46 a partir de sexta-feira"},"content":{"rendered":"<p>O ministro da Secretaria de Governo, Carlos Marun, disse na noite de hoje (30) que o compromisso do governo \u00e9 com o pre\u00e7o que o diesel vai chegar aos caminhoneiros e n\u00e3o com \u201ca forma como isso vai acontecer\u201d. O ministro deu a declara\u00e7\u00e3o aos jornalistas ap\u00f3s a coletiva do ministro da Seguran\u00e7a P\u00fablica, Raul Jungmann, e do chefe do Estado Maior-Conjunto das For\u00e7as Armadas, almirante Ademir Sobrinho.<\/p>\n<p>Marun disse que o caminhoneiro ter\u00e1, a partir de sexta-feira (1\u00ba), o pre\u00e7o do diesel R$ 0,46 mais barato em rela\u00e7\u00e3o ao pre\u00e7o praticado dia 21 de maio, quando a greve da categoria foi deflagrada. Os postos ter\u00e3o que informar o pre\u00e7o antigo e o pre\u00e7o novo, com desconto. \u201cO nosso compromisso \u00e9 com o valor do diesel no tanque. A forma como vai acontecer est\u00e1 sendo definida e redigida\u201d.<\/p>\n<div class=\"dnd-widget-wrapper context-cheio_8colunas type-image\">\n<div class=\"dnd-atom-rendered\">\n<figure class=\"mejs-fotoh-wrapper\">\n<p><figure style=\"width: 754px\" class=\"wp-caption alignnone\"><img loading=\"lazy\" decoding=\"async\" class=\"img-responsive full full\" title=\"O ministro da Secretaria de Governo, Carlos Marun,  fala \u00e0 imprensa ap\u00f3s reuni\u00e3o do gabinete de monitoramento criado para acompanhar o movimento dos caminhoneiros.\/Antonio Cruz\/Ag\u00eancia Brasil\" src=\"http:\/\/imagens.ebc.com.br\/U38KtCy0iiaYXKoS8kwazN2jEHs=\/754x0\/smart\/http:\/\/agenciabrasil.ebc.com.br\/sites\/default\/files\/thumbnails\/image\/antcrz_abr2805183037.jpg?itok=R1lvWREn\" alt=\"O ministro da Secretaria de Governo, Carlos Marun,  fala \u00e0 imprensa ap\u00f3s reuni\u00e3o do gabinete de monitoramento criado para acompanhar o movimento dos caminhoneiros.\" width=\"754\" height=\"503\" \/><figcaption class=\"wp-caption-text\">O ministro da Secretaria de Governo, Carlos Marun, disse que a an\u00e1lise de vetos ao projeto est\u00e1 sendo feita pelo governo &#8211; Antonio Cruz\/Ag\u00eancia Brasil<\/figcaption><\/figure><\/figure>\n<\/div>\n<\/div>\n<h2>Avalia\u00e7\u00e3o do governo<\/h2>\n<p>A declara\u00e7\u00e3o do ministro se d\u00e1 no momento em que o governo avalia o que far\u00e1 com o projeto aprovado no Senado e enviado para o presidente da Rep\u00fablica. O projeto aprova a reonera\u00e7\u00e3o da folha de pagamento de 28 setores e a isen\u00e7\u00e3o da Contribui\u00e7\u00e3o de Interven\u00e7\u00e3o no Dom\u00ednio Econ\u00f4mico (Cide) e do PIS\/Cofins (respectivamente, as siglas dos tributos Programas de Integra\u00e7\u00e3o Social e de Forma\u00e7\u00e3o do Patrim\u00f4nio do Servidor P\u00fablico e Contribui\u00e7\u00e3o para o Financiamento da Seguridade Social) sobre o \u00f3leo diesel. Este \u00faltimo, no entanto, \u00e9 um imposto de que o governo n\u00e3o pretende abdicar\u00a0e n\u00e3o estava no acordo inicial entre Planalto e Congresso.<\/p>\n<p>Segundo Marun, a an\u00e1lise de vetos ao projeto est\u00e1 sendo feita pelo governo. A inten\u00e7\u00e3o do ministro \u00e9 acalmar os caminhoneiros, que esperam pela publica\u00e7\u00e3o da isen\u00e7\u00e3o do PIS\/Cofins conforme aprovado no Congresso, mas a isen\u00e7\u00e3o pode ser vetada por Temer. A tend\u00eancia \u00e9 que o governo vete a isen\u00e7\u00e3o do PIS\/Cofins, como adiantou ontem (29) o presidente do Senado, Eun\u00edcio Oliveira.<\/p>\n<p>Marun disse que \u201cest\u00e3o querendo diminuir o \u00edmpeto dos caminhoneiros que est\u00e3o voltando ao trabalho\u201d ao divulgar informa\u00e7\u00f5es sobre a possibilidade do veto. A expectativa do governo, de acordo com ele, \u00e9 resolver a quest\u00e3o o quanto antes, talvez ainda na madrugada de hoje para amanh\u00e3 (31).<\/p>\n","protected":false},"excerpt":{"rendered":"<p>O ministro da Secretaria de Governo, Carlos Marun, disse na noite de hoje (30) que&#8230;<\/p>\n","protected":false},"author":1,"featured_media":0,"comment_status":"closed","ping_status":"closed","sticky":false,"template":"","format":"standard","meta":{"footnotes":""},"categories":[9],"tags":[],"class_list":["post-18035","post","type-post","status-publish","format-standard","hentry","category-economia"],"_links":{"self":[{"href":"https:\/\/www.corumbaonline.com.br\/news\/wp-json\/wp\/v2\/posts\/18035","targetHints":{"allow":["GET"]}}],"collection":[{"href":"https:\/\/www.corumbaonline.com.br\/news\/wp-json\/wp\/v2\/posts"}],"about":[{"href":"https:\/\/www.corumbaonline.com.br\/news\/wp-json\/wp\/v2\/types\/post"}],"author":[{"embeddable":true,"href":"https:\/\/www.corumbaonline.com.br\/news\/wp-json\/wp\/v2\/users\/1"}],"replies":[{"embeddable":true,"href":"https:\/\/www.corumbaonline.com.br\/news\/wp-json\/wp\/v2\/comments?post=18035"}],"version-history":[{"count":1,"href":"https:\/\/www.corumbaonline.com.br\/news\/wp-json\/wp\/v2\/posts\/18035\/revisions"}],"predecessor-version":[{"id":18036,"href":"https:\/\/www.corumbaonline.com.br\/news\/wp-json\/wp\/v2\/posts\/18035\/revisions\/18036"}],"wp:attachment":[{"href":"https:\/\/www.corumbaonline.com.br\/news\/wp-json\/wp\/v2\/media?parent=18035"}],"wp:term":[{"taxonomy":"category","embeddable":true,"href":"https:\/\/www.corumbaonline.com.br\/news\/wp-json\/wp\/v2\/categories?post=18035"},{"taxonomy":"post_tag","embeddable":true,"href":"https:\/\/www.corumbaonline.com.br\/news\/wp-json\/wp\/v2\/tags?post=18035"}],"curies":[{"name":"wp","href":"https:\/\/api.w.org\/{rel}","templated":true}]}}