{"id":18039,"date":"2018-05-31T12:33:54","date_gmt":"2018-05-31T16:33:54","guid":{"rendered":"http:\/\/www.corumbaonline.com.br\/news\/?p=18039"},"modified":"2018-05-31T12:43:58","modified_gmt":"2018-05-31T16:43:58","slug":"frente-fria-comeca-a-mudar-o-tempo-em-ms-a-partir-desta-quinta-feira","status":"publish","type":"post","link":"https:\/\/www.corumbaonline.com.br\/news\/frente-fria-comeca-a-mudar-o-tempo-em-ms-a-partir-desta-quinta-feira\/","title":{"rendered":"Frente fria come\u00e7a a mudar o tempo em MS a partir desta quinta-feira"},"content":{"rendered":"<p>Nesta quinta-feira (31), a aproxima\u00e7\u00e3o de uma frente fria come\u00e7a a mudar o tempo em Mato Grosso do Sul,\u00a0promovendo instabilidades no Sul e Sudoeste (mesorregi\u00f5es de divisa com o Paraguai\u00a0especialmente).<\/p>\n<p>Na faixa que abrange o Pantanal, o Centro e o Sudeste, a nebulosidade aumenta e h\u00e1 chance de chuva isolada \u00e0 noite. Nas demais \u00e1reas, a nebulosidade tamb\u00e9m deve aumentar, mas ainda ter\u00e3o umidade baixa do ar.<\/p>\n<p>MS registra temperatura entre 14\u00baC e 34\u00baC e umidade relativa do ar de 25% a 95%. As informa\u00e7\u00f5es s\u00e3o do Instituto Nacional de Meteorologia (Inmet).<\/p>\n<p><img loading=\"lazy\" decoding=\"async\" class=\" wp-image-226801 alignright\" src=\"http:\/\/www.ms.gov.br\/wp-content\/uploads\/sites\/150\/2018\/05\/quinta31_5-300x217.png\" sizes=\"auto, (max-width: 395px) 100vw, 395px\" srcset=\"http:\/\/www.ms.gov.br\/wp-content\/uploads\/sites\/150\/2018\/05\/quinta31_5-300x217.png 300w, http:\/\/www.ms.gov.br\/wp-content\/uploads\/sites\/150\/2018\/05\/quinta31_5.png 564w\" alt=\"\" width=\"395\" height=\"286\" \/><\/p>\n<p>Veja como deve ficar a temperatura em alguns munic\u00edpios:<\/p>\n<p>\u2022 Bonito \u2013 14\u00b0C (m\u00ednima) \/ 31\u00baC (m\u00e1xima)<br \/>\n\u2022 Campo Grande \u2013 19\u00baC (m\u00ednima) \/ 32\u00baC (m\u00e1xima)<br \/>\n\u2022 Corumb\u00e1 \u2013 20\u00baC (m\u00ednima) \/ 30\u00baC (m\u00e1xima)<br \/>\n\u2022 Coxim \u2013 15\u00baC (m\u00ednima) \/ 31\u00baC (m\u00e1xima)<br \/>\n\u2022 Dourados \u2013 13\u00baC (m\u00ednima) \/ 28\u00baC (m\u00e1xima)<br \/>\n\u2022 Navira\u00ed \u2013 14\u00baC (m\u00ednima) \/ 31\u00baC (m\u00e1xima)<br \/>\n\u2022 Nova Andradina \u2013 18\u00baC (m\u00ednima) \/ 32\u00baC (m\u00e1xima)<br \/>\n\u2022 Ponta Por\u00e3 \u2013 16\u00baC (m\u00ednima) \/ 26\u00baC (m\u00e1xima)<br \/>\n\u2022 Tr\u00eas Lagoas \u2013 14\u00baC (m\u00ednima) \/ 30\u00baC (m\u00e1xima)<\/p>\n","protected":false},"excerpt":{"rendered":"<p>Nesta quinta-feira (31), a aproxima\u00e7\u00e3o de uma frente fria come\u00e7a a mudar o tempo em&#8230;<\/p>\n","protected":false},"author":1,"featured_media":0,"comment_status":"closed","ping_status":"closed","sticky":false,"template":"","format":"standard","meta":{"footnotes":""},"categories":[17],"tags":[],"class_list":["post-18039","post","type-post","status-publish","format-standard","hentry","category-meio-ambiente"],"_links":{"self":[{"href":"https:\/\/www.corumbaonline.com.br\/news\/wp-json\/wp\/v2\/posts\/18039","targetHints":{"allow":["GET"]}}],"collection":[{"href":"https:\/\/www.corumbaonline.com.br\/news\/wp-json\/wp\/v2\/posts"}],"about":[{"href":"https:\/\/www.corumbaonline.com.br\/news\/wp-json\/wp\/v2\/types\/post"}],"author":[{"embeddable":true,"href":"https:\/\/www.corumbaonline.com.br\/news\/wp-json\/wp\/v2\/users\/1"}],"replies":[{"embeddable":true,"href":"https:\/\/www.corumbaonline.com.br\/news\/wp-json\/wp\/v2\/comments?post=18039"}],"version-history":[{"count":1,"href":"https:\/\/www.corumbaonline.com.br\/news\/wp-json\/wp\/v2\/posts\/18039\/revisions"}],"predecessor-version":[{"id":18040,"href":"https:\/\/www.corumbaonline.com.br\/news\/wp-json\/wp\/v2\/posts\/18039\/revisions\/18040"}],"wp:attachment":[{"href":"https:\/\/www.corumbaonline.com.br\/news\/wp-json\/wp\/v2\/media?parent=18039"}],"wp:term":[{"taxonomy":"category","embeddable":true,"href":"https:\/\/www.corumbaonline.com.br\/news\/wp-json\/wp\/v2\/categories?post=18039"},{"taxonomy":"post_tag","embeddable":true,"href":"https:\/\/www.corumbaonline.com.br\/news\/wp-json\/wp\/v2\/tags?post=18039"}],"curies":[{"name":"wp","href":"https:\/\/api.w.org\/{rel}","templated":true}]}}