{"id":18041,"date":"2018-05-31T12:42:14","date_gmt":"2018-05-31T16:42:14","guid":{"rendered":"http:\/\/www.corumbaonline.com.br\/news\/?p=18041"},"modified":"2018-05-31T12:50:24","modified_gmt":"2018-05-31T16:50:24","slug":"apos-tri-historico-zidane-anuncia-saida-do-real-madrid","status":"publish","type":"post","link":"https:\/\/www.corumbaonline.com.br\/news\/apos-tri-historico-zidane-anuncia-saida-do-real-madrid\/","title":{"rendered":"Ap\u00f3s tri hist\u00f3rico, Zidane anuncia sa\u00edda do Real Madrid"},"content":{"rendered":"<p class=\"text\">Apenas cinco dias depois de conquistar o seu terceiro t\u00edtulo seguido da Liga dos Campe\u00f5es da Europa como treinador, obtido com uma vit\u00f3ria por 3 a 1 sobre o Liverpool, em Kiev, na Ucr\u00e2nia, Zinedine Zidane surpreendeu nesta quinta-feira ao anunciar a sua sa\u00edda do Real Madrid. \u00cddolo do clube tamb\u00e9m como jogador, o franc\u00eas deixa o cargo ap\u00f3s duas temporadas e meia \u00e0 frente da equipe espanhola.Embora tenha feito hist\u00f3ria ao levar o clube a tr\u00eas trof\u00e9us continentais, o comandante afirmou que considerou este o &#8220;momento certo&#8221; para o clube e para ele promoverem uma mudan\u00e7a, deixando claro tamb\u00e9m que j\u00e1 est\u00e1 plenamente realizado com os feitos que atingiu representando o time.<\/p>\n<div id=\"ad-video-inread--wrapper\"><\/div>\n<p class=\"text\">Zidane ganhou nove t\u00edtulos como treinador do Real Madrid. Al\u00e9m das tr\u00eas Liga dos Campe\u00f5es, faturou um Campeonato Espanhol, uma Supercopa da Espanha, duas Supercopas da Europa e dois Mundiais de Clubes da Fifa.<\/p>\n<p class=\"text\">Antes t\u00e9cnico do time B do Real, Zidane foi efetivado como comandante do time principal do clube em janeiro de 2016. Embora tenha chegado ao cargo cercado de incertezas, pois nunca havia dirigido outro clube profissionalmente, ele superou com sobras as expectativas e fez hist\u00f3ria ao se tornar o primeiro t\u00e9cnico a ganhar por tr\u00eas vezes consecutivas a Liga dos Campe\u00f5es.<\/p>\n<p class=\"text\">Em uma coletiva de imprensa convocada para esta quinta-feira, Zidane anunciou a sua decis\u00e3o ao lado do presidente do Real, Florentino P\u00e9rez, que considerou a sa\u00edda do franc\u00eas como &#8220;totalmente inesperada&#8221; e destacou que este \u00e9 um &#8220;dia triste&#8221; para o clube e seus torcedores.<\/p>\n<p class=\"text\">O t\u00e9cnico, por\u00e9m, preferiu deixar o cargo no auge do sucesso e abrir espa\u00e7o para um novo treinador que dever\u00e1 ser contratado em breve. &#8220;Tomei a decis\u00e3o de n\u00e3o seguir&#8221;, afirmou Zidane, para depois justificar: &#8220;Este time deve seguir ganhando e precisa de uma mudan\u00e7a para isso. Depois de tr\u00eas anos, precisa de outro discurso, outra metodologia de trabalho e por isso tomei esta decis\u00e3o&#8221;.<\/p>\n<p class=\"text\">Zidane, que comunicou a decis\u00e3o na quarta-feira ao presidente do Real e ao capit\u00e3o Sergio Ramos antes de anunci\u00e1-la, assegurou tamb\u00e9m que n\u00e3o pretende treinar um outro clube na pr\u00f3xima temporada europeia.<\/p>\n<p class=\"text\">Aos 45 anos de idade, o ex-meio-campista tamb\u00e9m deixou o comando do Real com n\u00fameros impressionantes como t\u00e9cnico. Ele dirigiu a equipe em 149 partidas, ganhou 104 delas, empatou 29 e perdeu apenas 16. Neste per\u00edodo, o time marcou 393 gols.<\/p>\n","protected":false},"excerpt":{"rendered":"<p>Apenas cinco dias depois de conquistar o seu terceiro t\u00edtulo seguido da Liga dos Campe\u00f5es&#8230;<\/p>\n","protected":false},"author":1,"featured_media":18042,"comment_status":"closed","ping_status":"closed","sticky":false,"template":"","format":"standard","meta":{"footnotes":""},"categories":[11],"tags":[],"class_list":["post-18041","post","type-post","status-publish","format-standard","has-post-thumbnail","hentry","category-esporte"],"_links":{"self":[{"href":"https:\/\/www.corumbaonline.com.br\/news\/wp-json\/wp\/v2\/posts\/18041","targetHints":{"allow":["GET"]}}],"collection":[{"href":"https:\/\/www.corumbaonline.com.br\/news\/wp-json\/wp\/v2\/posts"}],"about":[{"href":"https:\/\/www.corumbaonline.com.br\/news\/wp-json\/wp\/v2\/types\/post"}],"author":[{"embeddable":true,"href":"https:\/\/www.corumbaonline.com.br\/news\/wp-json\/wp\/v2\/users\/1"}],"replies":[{"embeddable":true,"href":"https:\/\/www.corumbaonline.com.br\/news\/wp-json\/wp\/v2\/comments?post=18041"}],"version-history":[{"count":1,"href":"https:\/\/www.corumbaonline.com.br\/news\/wp-json\/wp\/v2\/posts\/18041\/revisions"}],"predecessor-version":[{"id":18043,"href":"https:\/\/www.corumbaonline.com.br\/news\/wp-json\/wp\/v2\/posts\/18041\/revisions\/18043"}],"wp:featuredmedia":[{"embeddable":true,"href":"https:\/\/www.corumbaonline.com.br\/news\/wp-json\/wp\/v2\/media\/18042"}],"wp:attachment":[{"href":"https:\/\/www.corumbaonline.com.br\/news\/wp-json\/wp\/v2\/media?parent=18041"}],"wp:term":[{"taxonomy":"category","embeddable":true,"href":"https:\/\/www.corumbaonline.com.br\/news\/wp-json\/wp\/v2\/categories?post=18041"},{"taxonomy":"post_tag","embeddable":true,"href":"https:\/\/www.corumbaonline.com.br\/news\/wp-json\/wp\/v2\/tags?post=18041"}],"curies":[{"name":"wp","href":"https:\/\/api.w.org\/{rel}","templated":true}]}}