{"id":18048,"date":"2018-05-31T13:13:59","date_gmt":"2018-05-31T17:13:59","guid":{"rendered":"http:\/\/www.corumbaonline.com.br\/news\/?p=18048"},"modified":"2018-05-31T12:59:42","modified_gmt":"2018-05-31T16:59:42","slug":"ifms-semana-do-meio-ambiente-2018-comeca-na-segunda-feira","status":"publish","type":"post","link":"https:\/\/www.corumbaonline.com.br\/news\/ifms-semana-do-meio-ambiente-2018-comeca-na-segunda-feira\/","title":{"rendered":"IFMS: Semana do Meio Ambiente 2018 come\u00e7a na segunda-feira"},"content":{"rendered":"<div>Promover a consci\u00eancia ecol\u00f3gica e a responsabilidade ambiental por meio de atividades abertas ao p\u00fablico e gratuitas. \u00c9 com esse intuito que o Instituto Federal de Mato Grosso do Sul (IFMS) realiza, a partir de segunda-feira, 4, a edi\u00e7\u00e3o 2018 da Semana do Meio Ambiente.<\/div>\n<div><\/div>\n<div>Com o tema &#8220;Biomas Regionais e Consci\u00eancia Ecol\u00f3gica&#8221;, ser\u00e3o oferecidas atividades em Campo Grande, Corumb\u00e1, Jardim, Navira\u00ed, Nova Andradina, Ponta Por\u00e3 e Tr\u00eas Lagoas. A maioria \u00e9 aberta \u00e0 participa\u00e7\u00e3o da comunidade.<\/div>\n<div><\/div>\n<div>Em Aquidauana, Coxim e Dourados, as dire\u00e7\u00f5es-gerais dos campi do IFMS decidiram adiar o in\u00edcio do evento, previsto para os dias 4 e 5 de junho. As novas datas de abertura da Semana do Meio Ambiente nesses munic\u00edpios ser\u00e3o definidas e divulgadas \u00e0s comunidades locais. O adiamento foi divulgado em nota oficial nesta quarta-feira, 30.<\/div>\n<div><\/div>\n<div>Para a edi\u00e7\u00e3o 2018 do evento, o IFMS destinou fomento de R$ 15 mil. As propostas das atividades nos dez campi foram submetidas \u00e0 Pr\u00f3-Reitoria de Extens\u00e3o (Proex) e aprovadas. Cada coordenador recebeu o valor de R$ 1,5 mil para custear materiaisde consumo e pagar servi\u00e7os a pessoas jur\u00eddicas.<\/div>\n<div><\/div>\n<div><b>Programa\u00e7\u00e3o\u00a0<\/b>&#8211; Em Campo Grande, a Semana do Meio Ambiente ser\u00e1 aberta na segunda-feira, 4, no audit\u00f3rio 1 do complexo multiuso da Universidade Federal de Mato Grosso do Sul (UFMS). At\u00e9 ter\u00e7a-feira, 5, est\u00e3o previstas diversas oficinas e palestras sobre temas variados, no campus do IFMS.<\/div>\n<div><\/div>\n<div>Em Corumb\u00e1, o evento tem in\u00edcio na quinta-feira, 7, com visitas t\u00e9cnicas, oficinas, palestras, gincanas, troca de livros e hist\u00f3rias em quadrinhos, cinema solid\u00e1rio, corrida de orienta\u00e7\u00e3o e mostra de circo. A programa\u00e7\u00e3o vai at\u00e9 s\u00e1bado, 9.<\/div>\n<div><\/div>\n<div>Oficinas e roda de conversa ser\u00e3o oferecidas pelo IFMS em Jardim, tamb\u00e9m a partir de quinta-feira, 7. Os destaques s\u00e3o os concursos de charrete e de v\u00eddeo sobre o tema biomas regionais. No s\u00e1bado, 9, estudantes e servidores ir\u00e3o confeccionar lixeiras para o campus.<\/div>\n<div><\/div>\n<div>Em Navira\u00ed, a programa\u00e7\u00e3o inclui oficinas, exposi\u00e7\u00e3o de trabalhos, mostra de literatura, palestras e minicursos. As atividades come\u00e7am na segunda-feira, 4. Para encerrar, na sexta-feira, 8, ter\u00e1 passeio cicl\u00edstico, piquenique com aula de campo no Parque Natural Municipal do C\u00f3rrego Cumanda\u00ed e exibi\u00e7\u00e3o de filme para debate.<\/div>\n<div><\/div>\n<div>Palestras, espet\u00e1culo de teatro, bazar de troca com o uso de moeda social e coleta de lixo eletr\u00f4nico fazem parte da programa\u00e7\u00e3o da Semana do Meio Ambiente organizada pelo campus Nova Andradina do IFMS. As atividades ser\u00e3o oferecidas na ter\u00e7a e quarta-feira, 5 e 6.<\/div>\n<div><\/div>\n<div>Em Ponta Por\u00e3, a Semana ser\u00e1 aberta na segunda-feira, 4, a partir das 8 horas, no audit\u00f3rio do Instituto do Meio Ambiente de Mato Grosso do Sul (Imasul). At\u00e9 s\u00e1bado, 9, ser\u00e3o oferecidos minicursos, oficinas, palestras, visitas t\u00e9cnicas, jogos da agricultura e passeio cicl\u00edstico.<\/div>\n<div><\/div>\n<div>Concursos de fotografia e de par\u00f3dias, palestras, visitas t\u00e9cnicas, rodas de conversa e gincana s\u00e3o algumas das atividades que ser\u00e3o oferecidas pelo Campus Tr\u00eas Lagoas at\u00e9 sexta-feira, 8. No encerramento, al\u00e9m das premia\u00e7\u00f5es, est\u00e1 prevista a apresenta\u00e7\u00e3o do cantor e compositor regional Maring\u00e1.<\/div>\n<div><\/div>\n<div>A programa\u00e7\u00e3o completa do evento por campus est\u00e1 dispon\u00edvel na p\u00e1gina da Semana do Meio Ambiente 2018, onde tamb\u00e9m \u00e9 poss\u00edvel fazer a inscri\u00e7\u00e3o online nas atividades. O endere\u00e7o \u00e9\u00a0<a href=\"http:\/\/www.ifms.edu.br\/meioambiente\" target=\"_blank\" rel=\"noopener noreferrer\">www.ifms.edu.br\/meioambiente<\/a>.<\/div>\n<div><\/div>\n<div><b>Semana do Meio Ambiente<\/b>\u00a0&#8211; O evento \u00e9 organizado anualmente nos dez munic\u00edpios onde o IFMS tem campus, em alus\u00e3o ao Dia Mundial do Meio Ambiente, celebrado em 5 de junho.<\/div>\n<div><\/div>\n<div>Promovida desde 2011, a Semana oferece atividades gratuitas como oficinas, palestras, minicursos, visitas t\u00e9cnicas, gincanas ambientais, trilha ecol\u00f3gica, plantio e distribui\u00e7\u00e3o de mudas.<\/div>\n<div><\/div>\n<div>Para a realiza\u00e7\u00e3o do evento, o IFMS destina apoio financeiro aos campi por meio do aux\u00edlio previsto no Programa Institucional de Incentivo ao Ensino, Extens\u00e3o, Pesquisa e Inova\u00e7\u00e3o (Piepi).<\/div>\n","protected":false},"excerpt":{"rendered":"<p>Promover a consci\u00eancia ecol\u00f3gica e a responsabilidade ambiental por meio de atividades abertas ao p\u00fablico&#8230;<\/p>\n","protected":false},"author":1,"featured_media":0,"comment_status":"closed","ping_status":"closed","sticky":false,"template":"","format":"standard","meta":{"footnotes":""},"categories":[10,17],"tags":[],"class_list":["post-18048","post","type-post","status-publish","format-standard","hentry","category-educacao","category-meio-ambiente"],"_links":{"self":[{"href":"https:\/\/www.corumbaonline.com.br\/news\/wp-json\/wp\/v2\/posts\/18048","targetHints":{"allow":["GET"]}}],"collection":[{"href":"https:\/\/www.corumbaonline.com.br\/news\/wp-json\/wp\/v2\/posts"}],"about":[{"href":"https:\/\/www.corumbaonline.com.br\/news\/wp-json\/wp\/v2\/types\/post"}],"author":[{"embeddable":true,"href":"https:\/\/www.corumbaonline.com.br\/news\/wp-json\/wp\/v2\/users\/1"}],"replies":[{"embeddable":true,"href":"https:\/\/www.corumbaonline.com.br\/news\/wp-json\/wp\/v2\/comments?post=18048"}],"version-history":[{"count":1,"href":"https:\/\/www.corumbaonline.com.br\/news\/wp-json\/wp\/v2\/posts\/18048\/revisions"}],"predecessor-version":[{"id":18049,"href":"https:\/\/www.corumbaonline.com.br\/news\/wp-json\/wp\/v2\/posts\/18048\/revisions\/18049"}],"wp:attachment":[{"href":"https:\/\/www.corumbaonline.com.br\/news\/wp-json\/wp\/v2\/media?parent=18048"}],"wp:term":[{"taxonomy":"category","embeddable":true,"href":"https:\/\/www.corumbaonline.com.br\/news\/wp-json\/wp\/v2\/categories?post=18048"},{"taxonomy":"post_tag","embeddable":true,"href":"https:\/\/www.corumbaonline.com.br\/news\/wp-json\/wp\/v2\/tags?post=18048"}],"curies":[{"name":"wp","href":"https:\/\/api.w.org\/{rel}","templated":true}]}}