{"id":18052,"date":"2018-05-31T13:25:23","date_gmt":"2018-05-31T17:25:23","guid":{"rendered":"http:\/\/www.corumbaonline.com.br\/news\/?p=18052"},"modified":"2018-05-31T13:06:31","modified_gmt":"2018-05-31T17:06:31","slug":"justica-suica-concede-efeito-suspensivo-a-guerrero-e-peruano-podera-disputar-copa","status":"publish","type":"post","link":"https:\/\/www.corumbaonline.com.br\/news\/justica-suica-concede-efeito-suspensivo-a-guerrero-e-peruano-podera-disputar-copa\/","title":{"rendered":"Justi\u00e7a su\u00ed\u00e7a concede efeito suspensivo a Guerrero, e peruano poder\u00e1 disputar Copa"},"content":{"rendered":"<div class=\"mc-column content-text active-extra-styles active-capital-letter\" data-block-type=\"unstyled\" data-block-weight=\"60\" data-block-id=\"2\">\n<p class=\"content-text__container theme-color-primary-first-letter\" data-track-category=\"Link no Texto\" data-track-links=\"\">Paolo Guerrero est\u00e1 liberado para defender a sele\u00e7\u00e3o peruana na Copa do Mundo. O atacante, condenado pelo TAS (Tribunal Arbitral do Esporte) a\u00a0cumprir 14 meses de suspens\u00e3o pelo doping causado por um metab\u00f3lito de coca\u00edna, encaminhou o caso para a Justi\u00e7a Comum da Su\u00ed\u00e7a, que concedeu efeito suspensivo ao jogador, justamente na \u00faltima inst\u00e2ncia antes do Mundial na R\u00fassia.<\/p>\n<\/div>\n<div class=\"wall\">\n<div class=\"mc-column content-text active-extra-styles \" data-block-type=\"unstyled\" data-block-weight=\"76\" data-block-id=\"3\">\n<p class=\"content-text__container \" data-track-category=\"Link no Texto\" data-track-links=\"\">&#8211; Efeito suspensivo requerido por Paolo Guerrero garantido pelo presidente da I Divis\u00e3o Civil da Corte Federal garante a Apela\u00e7\u00e3o do jogador peruano de futebol Paolo Guerrero contra a decis\u00e3o ainda n\u00e3o resolvida do Tribunal Arbitral do Esporte (TAS), um efeito suspensivo superprovis\u00f3rio. O aumento da puni\u00e7\u00e3o do TAS de seis para 14 meses por quebrar o regulamento anti-doping da Fifa n\u00e3o tem, por ora, efeito &#8211; diz o in\u00edcio do comunicado do Tribunal, que acrescenta.<\/p>\n<p class=\"content-text__container \" data-track-category=\"Link no Texto\" data-track-links=\"\">O Tribunal Federal da Su\u00ed\u00e7a (TFS) divulgou comunicado nesta quinta-feira confirmando a libera\u00e7\u00e3o do capit\u00e3o da sele\u00e7\u00e3o peruana para disputar o Mundial da R\u00fassia. Como o \u00f3rg\u00e3o fala em efeito suspensivo superprovis\u00f3rio, pode ser que o atacante ainda precise cumprir o restante da puni\u00e7\u00e3o ap\u00f3s a Copa. Tamb\u00e9m nesta quinta, o\u00a0TAS comunicou que n\u00e3o se opunha ao recurso de Paolo no TFS.<\/p>\n<div class=\"mc-column content-text active-extra-styles\" data-block-type=\"raw\" data-block-weight=\"8\" data-block-id=\"9\">\n<div class=\"content-intertitle\">\n<h2>Em busca de um lugar entre os 23<\/h2>\n<\/div>\n<\/div>\n<div class=\"mc-column content-text active-extra-styles \" data-block-type=\"unstyled\" data-block-weight=\"83\" data-block-id=\"10\">\n<p class=\"content-text__container \" data-track-category=\"Link no Texto\" data-track-links=\"\">A sele\u00e7\u00e3o peruana tem at\u00e9 a pr\u00f3xima segunda-feira para enviar a lista \u00e0 Fifa com os 23 jogadores inscritos para o Mundial. H\u00e1 duas semanas, o t\u00e9cnico da sele\u00e7\u00e3o peruana, Ricardo Gareca, divulgou uma lista com 24 nomes que poder\u00e3o estar na R\u00fassia com o time sul-americano, sem incluir Guerrero entre eles. Entretanto, \u00e9 poss\u00edvel que o atacante tenha sido inscrito na rela\u00e7\u00e3o de 35 jogadores enviada \u00e0 Fifa at\u00e9 o \u00faltima dia 14 e pode entrar no lugar de um desses 24.<\/p>\n<\/div>\n<div class=\"mc-column content-text active-extra-styles \" data-block-type=\"unstyled\" data-block-weight=\"35\" data-block-id=\"11\">\n<p class=\"content-text__container \" data-track-category=\"Link no Texto\" data-track-links=\"\">Guerrero n\u00e3o viajou com o elenco para a Europa nesta semana. Mas, por todo o discurso, entrar\u00e1 na lista final de 23 jogadores. A Federa\u00e7\u00e3o Peruana divulgou uma carta do jogador comemorando o efeito suspensivo.<\/p>\n<\/div>\n<div class=\"mc-column content-text active-extra-styles \" data-block-type=\"unstyled\" data-block-weight=\"47\" data-block-id=\"12\">\n<p class=\"content-text__container \" data-track-category=\"Link no Texto\" data-track-links=\"\">&#8211; Minha batalha segue e seguir\u00e1 a cargo dos meus advogados, a quem tamb\u00e9m agrade\u00e7o. Eu me uno a minha sele\u00e7\u00e3o e, junto aos meus companheiros, me comprometo a dar o melhor de mim para dar as melhores alegrias ao meu pa\u00eds &#8211; disse Guerrero, que acrescentou.<\/p>\n<p class=\"content-text__container \" data-track-category=\"Link no Texto\" data-track-links=\"\">O presidente da Federa\u00e7\u00e3o Peruana, Edwin Oviedo, tamb\u00e9m divulgou uma carta em tom de comemora\u00e7\u00e3o.<\/p>\n<\/div>\n<\/div>\n<\/div>\n","protected":false},"excerpt":{"rendered":"<p>Paolo Guerrero est\u00e1 liberado para defender a sele\u00e7\u00e3o peruana na Copa do Mundo. O atacante,&#8230;<\/p>\n","protected":false},"author":1,"featured_media":18053,"comment_status":"closed","ping_status":"closed","sticky":false,"template":"","format":"standard","meta":{"footnotes":""},"categories":[11],"tags":[],"class_list":["post-18052","post","type-post","status-publish","format-standard","has-post-thumbnail","hentry","category-esporte"],"_links":{"self":[{"href":"https:\/\/www.corumbaonline.com.br\/news\/wp-json\/wp\/v2\/posts\/18052","targetHints":{"allow":["GET"]}}],"collection":[{"href":"https:\/\/www.corumbaonline.com.br\/news\/wp-json\/wp\/v2\/posts"}],"about":[{"href":"https:\/\/www.corumbaonline.com.br\/news\/wp-json\/wp\/v2\/types\/post"}],"author":[{"embeddable":true,"href":"https:\/\/www.corumbaonline.com.br\/news\/wp-json\/wp\/v2\/users\/1"}],"replies":[{"embeddable":true,"href":"https:\/\/www.corumbaonline.com.br\/news\/wp-json\/wp\/v2\/comments?post=18052"}],"version-history":[{"count":1,"href":"https:\/\/www.corumbaonline.com.br\/news\/wp-json\/wp\/v2\/posts\/18052\/revisions"}],"predecessor-version":[{"id":18054,"href":"https:\/\/www.corumbaonline.com.br\/news\/wp-json\/wp\/v2\/posts\/18052\/revisions\/18054"}],"wp:featuredmedia":[{"embeddable":true,"href":"https:\/\/www.corumbaonline.com.br\/news\/wp-json\/wp\/v2\/media\/18053"}],"wp:attachment":[{"href":"https:\/\/www.corumbaonline.com.br\/news\/wp-json\/wp\/v2\/media?parent=18052"}],"wp:term":[{"taxonomy":"category","embeddable":true,"href":"https:\/\/www.corumbaonline.com.br\/news\/wp-json\/wp\/v2\/categories?post=18052"},{"taxonomy":"post_tag","embeddable":true,"href":"https:\/\/www.corumbaonline.com.br\/news\/wp-json\/wp\/v2\/tags?post=18052"}],"curies":[{"name":"wp","href":"https:\/\/api.w.org\/{rel}","templated":true}]}}