{"id":18061,"date":"2018-05-31T14:15:59","date_gmt":"2018-05-31T18:15:59","guid":{"rendered":"http:\/\/www.corumbaonline.com.br\/news\/?p=18061"},"modified":"2018-05-31T13:24:12","modified_gmt":"2018-05-31T17:24:12","slug":"mpf-vai-investigar-lideres-grevistas-por-tentar-mudar-regime-do-pais","status":"publish","type":"post","link":"https:\/\/www.corumbaonline.com.br\/news\/mpf-vai-investigar-lideres-grevistas-por-tentar-mudar-regime-do-pais\/","title":{"rendered":"MPF vai investigar l\u00edderes grevistas por \u201ctentar mudar regime\u201d do pa\u00eds"},"content":{"rendered":"<p>O Minist\u00e9rio P\u00fablico Federal (MPF) instaurou diversos procedimentos investigat\u00f3rios para apurar a viola\u00e7\u00e3o, por parte de empres\u00e1rios e lideran\u00e7as locais dos caminhoneiros, do Artigo 17 da Lei de Seguran\u00e7a Nacional (Lei 7.170\/1983), que prev\u00ea pena de at\u00e9 15 anos de pris\u00e3o para quem \u201ctentar mudar, com emprego de viol\u00eancia ou grave amea\u00e7a, a ordem, o regime vigente ou o Estado de Direito\u201d.<\/p>\n<p>Ser\u00e3o apurados tamb\u00e9m crimes como sabotagem e incita\u00e7\u00e3o \u201c\u00e0 subvers\u00e3o da ordem pol\u00edtica ou social\u201d e \u201c\u00e0 animosidade entre as For\u00e7as Armadas ou entre estas e as classes sociais e institui\u00e7\u00f5es civis\u201d, previstos respectivamente nos Artigos\u00a015 e 23 da lei\u00a0e cujas penas, somadas, podem chegar a 14 anos de reclus\u00e3o.<\/p>\n<p>As ordens para os procedimentos investigat\u00f3rios foram enviadas ontem (30) pela C\u00e2mara Criminal do MPF a quatro estados &#8211; S\u00e3o Paulo, Goi\u00e1s, Rio Grande do Sul e Santa Catarina \u2013 onde foram registrados atos e declara\u00e7\u00f5es em que indiv\u00edduos insuflam manifestantes a pedirem uma interven\u00e7\u00e3o militar no pa\u00eds.<\/p>\n<p>Nos despachos, aos quais a<strong>\u00a0Ag\u00eancia Brasil<\/strong>\u00a0teve acesso, s\u00e3o descritas condutas de empres\u00e1rios, l\u00edderes de caminhoneiros e de pessoas sem nenhuma liga\u00e7\u00e3o com a paralisa\u00e7\u00e3o, mas que tentam se aproveitar do movimento grevista para promover o movimento da\u00a0interven\u00e7\u00e3o militar.<\/p>\n<p>Entre as pessoas citadas est\u00e3o desde um empres\u00e1rio varejista da Regi\u00e3o Sul que autorizou o inc\u00eandio de caminh\u00f5es pr\u00f3prios para insuflar protestos at\u00e9 um sargento da reserva que circula, em grupos de WhatsApp de\u00a0manifestantes, com v\u00eddeos incentivando um golpe militar. Alguns indiv\u00edduos s\u00e3o ligados a partidos pol\u00edticos.<\/p>\n<h2>Inqu\u00e9rito<\/h2>\n<p>O MPF do Esp\u00edrito Santo tamb\u00e9m solicitou \u00e0 Pol\u00edcia Federal (PF) que instaure inqu\u00e9rito para apurar a pr\u00e1tica dos mesmos crimes nos estados, pois \u201cap\u00f3s concess\u00f5es feitas pelo governo federal, o movimento n\u00e3o se dissipou, desviando o foco com a inten\u00e7\u00e3o de for\u00e7ar a mudan\u00e7a no regime pol\u00edtico: de democracia representativa para ditadura militar, regime autocr\u00e1tico\u201d, informou a Procuradoria da Rep\u00fablica capixaba.<\/p>\n<p>Al\u00e9m desses casos, o MPF determinou que procuradores locais investiguem outros crimes federais previstos no C\u00f3digo Penal, como paralisar trabalho de interesse coletivo (Artigo\u00a0201), atentar contra seguran\u00e7a e funcionamento de servi\u00e7os de utilidade p\u00fablica como \u00e1gua e luz (Artigo\u00a0265) e desobedecer a ordem legal de funcion\u00e1rio p\u00fablico (Artigo\u00a0330). A PF j\u00e1 instaurou 48 inqu\u00e9ritos policiais para apurar esses tipos de delito.<\/p>\n<p>Ontem\u00a0(30), em refer\u00eancia \u00e0s manifesta\u00e7\u00f5es a favor de uma\u00a0interven\u00e7\u00e3o militar, a presidente do Supremo Tribunal Federal (STF), ministra C\u00e1rmen L\u00facia, fez uma defesa do Estado Democr\u00e1tico de Direito, afirmando que, para resolver problemas sociais, \u201ca democracia \u00e9 o \u00fanico caminho leg\u00edtimo\u201d.<\/p>\n","protected":false},"excerpt":{"rendered":"<p>O Minist\u00e9rio P\u00fablico Federal (MPF) instaurou diversos procedimentos investigat\u00f3rios para apurar a viola\u00e7\u00e3o, por parte&#8230;<\/p>\n","protected":false},"author":1,"featured_media":0,"comment_status":"closed","ping_status":"closed","sticky":false,"template":"","format":"standard","meta":{"footnotes":""},"categories":[19],"tags":[],"class_list":["post-18061","post","type-post","status-publish","format-standard","hentry","category-politica"],"_links":{"self":[{"href":"https:\/\/www.corumbaonline.com.br\/news\/wp-json\/wp\/v2\/posts\/18061","targetHints":{"allow":["GET"]}}],"collection":[{"href":"https:\/\/www.corumbaonline.com.br\/news\/wp-json\/wp\/v2\/posts"}],"about":[{"href":"https:\/\/www.corumbaonline.com.br\/news\/wp-json\/wp\/v2\/types\/post"}],"author":[{"embeddable":true,"href":"https:\/\/www.corumbaonline.com.br\/news\/wp-json\/wp\/v2\/users\/1"}],"replies":[{"embeddable":true,"href":"https:\/\/www.corumbaonline.com.br\/news\/wp-json\/wp\/v2\/comments?post=18061"}],"version-history":[{"count":1,"href":"https:\/\/www.corumbaonline.com.br\/news\/wp-json\/wp\/v2\/posts\/18061\/revisions"}],"predecessor-version":[{"id":18062,"href":"https:\/\/www.corumbaonline.com.br\/news\/wp-json\/wp\/v2\/posts\/18061\/revisions\/18062"}],"wp:attachment":[{"href":"https:\/\/www.corumbaonline.com.br\/news\/wp-json\/wp\/v2\/media?parent=18061"}],"wp:term":[{"taxonomy":"category","embeddable":true,"href":"https:\/\/www.corumbaonline.com.br\/news\/wp-json\/wp\/v2\/categories?post=18061"},{"taxonomy":"post_tag","embeddable":true,"href":"https:\/\/www.corumbaonline.com.br\/news\/wp-json\/wp\/v2\/tags?post=18061"}],"curies":[{"name":"wp","href":"https:\/\/api.w.org\/{rel}","templated":true}]}}