{"id":18079,"date":"2018-06-01T08:42:34","date_gmt":"2018-06-01T12:42:34","guid":{"rendered":"http:\/\/www.corumbaonline.com.br\/news\/?p=18079"},"modified":"2018-06-01T09:29:53","modified_gmt":"2018-06-01T13:29:53","slug":"em-tempos-de-crise","status":"publish","type":"post","link":"https:\/\/www.corumbaonline.com.br\/news\/em-tempos-de-crise\/","title":{"rendered":"Em tempos de crise&#8230;"},"content":{"rendered":"<p>Tempos dif\u00edceis esses que atravessamos, especialmente no Brasil, onde as crises, pol\u00edtica, econ\u00f4mica e moral, atingem patamares negativos nunca antes registrados, provocando um clima de inseguran\u00e7a e instabilidade em todos os n\u00edveis da sociedade, afetando o indiv\u00edduo, abalando a fam\u00edlia.<\/p>\n<p>Agora mesmo enfrentamos as consequ\u00eancias de uma greve de caminhoneiros em todo o pa\u00eds, que resultou no desabastecimento n\u00e3o apenas dos combust\u00edveis, mas de toda uma gama de produtos e servi\u00e7os que n\u00e3o puderam ser prestados por conta dessa a\u00e7\u00e3o.<\/p>\n<p>Assim como o Brasil, todo e qualquer pa\u00eds t\u00eam suas crises. Com o ser humano n\u00e3o \u00e9 diferente, pois inexiste indiv\u00edduo que n\u00e3o tenha suas crises, seus problemas, seus fardos para carregar.<\/p>\n<p>Todo ser humano, independentemente de sua condi\u00e7\u00e3o econ\u00f4mica, geogr\u00e1fica, social&#8230; tem quest\u00f5es para resolver. Os fardos fazem parte da vida, do Plano de Deus estabelecido para todos n\u00f3s, para nosso pr\u00f3prio crescimento.<\/p>\n<p>Meu velho e querido pai j\u00e1 me ensinava, desde crian\u00e7a, que o sofrimento enrijece o car\u00e1ter. Logo, n\u00e3o tem como crescermos espiritualmente nesta vida se n\u00e3o enfrentarmos dificuldades, obst\u00e1culos de toda ordem, com f\u00e9 em Deus. N\u00e3o tem como!<\/p>\n<p>Cresce mais aquele que confia que n\u00e3o est\u00e1 s\u00f3, que Deus existe e que est\u00e1 para nos ajudar em tudo o que necessitarmos.<\/p>\n<p>Cresce mais aquele que enfrenta os obst\u00e1culos da vida com a cabe\u00e7a erguida, consciente de que por mais pesado que seja o fardo, ele \u00e9 como uma b\u00ean\u00e7\u00e3o para seu fortalecimento.<\/p>\n<p>Cresce mais aquele que al\u00e9m de seus pr\u00f3prios pesos se preocupa e ajuda na resolu\u00e7\u00e3o dos problemas de seu pr\u00f3ximo.<\/p>\n<p>H\u00e1 uma lei nos c\u00e9us que estabelece que quando nos voltamos para ajudar nosso pr\u00f3ximo, dispensando nosso tempo e trabalho em benef\u00edcio dele, Deus resolve as nossas pr\u00f3prias dificuldades.<\/p>\n<p>Essa lei \u00e9 eterna e tem sido enormemente comprovada ao longo dos s\u00e9culos.<\/p>\n<p>Conscientes dessa lei e de todo Plano de Deus para nosso pr\u00f3prio crescimento, precisamos ent\u00e3o nos dedicarmos mais no aux\u00edlio e ajuda \u00e0s pessoas \u00e0 nossa volta, lembrando ainda que este \u00e9 o segundo maior mandamento do Senhor: \u201cAmar ao pr\u00f3ximo como a ti mesmo\u201d.<\/p>\n<p>Assim sendo, necess\u00e1rio se faz nos conscientizarmos disso, mesmo em tempos como esse, de crise, e sermos mais am\u00e1veis e bondosos com nossos irm\u00e3os.<\/p>\n<p>\u00c9 preciso que ousemos ser bondosos. Que deixemos\u00a0\u00a0nossa luz brilhar para iluminar o caminho daqueles que muitas vezes\u00a0\u00a0se encontram em completa escurid\u00e3o.<\/p>\n<p>As escrituras sagradas nos remetem a essa vontade do Pai, nosso Criador, quando Ele pede que sejamos luz e que fiquemos no alto para clarearmos em todo nosso redor, por onde passarmos e n\u00e3o colocarmos nossa luz debaixo da cama onde nada ilumina.<\/p>\n<p>Nesses tempos de crise, de correria, de incertezas e inseguran\u00e7as pol\u00edticas e econ\u00f4micas, \u00e9 comum o homem endurecer o cora\u00e7\u00e3o, se fechar no ego\u00edsmo, na frieza e insensibilidade diante das afli\u00e7\u00f5es e desespero dos outros.<\/p>\n<p>Precisamos romper barreiras e ousarmos ser bondosos com as pessoas \u00e0 nossa volta e sermos luz, para que tenham esperan\u00e7a e tomem rumos certos e se fortale\u00e7am em n\u00f3s para superar suas fraquezas e suportarem o peso que precisam carregar de maneira alegre e segura.<\/p>\n<p>Ousemos ser bondosos mesmo em tempos de turbul\u00eancia.<\/p>\n<p>Ousemos sim sermos luz para sermos portos seguros para tantos barcos que navegam \u00e0 deriva.<\/p>\n<p>&nbsp;<\/p>\n<p>Wilson Aquino &#8211; Jornalista, Professor e Crist\u00e3o SUD<\/p>\n","protected":false},"excerpt":{"rendered":"<p>Tempos dif\u00edceis esses que atravessamos, especialmente no Brasil, onde as crises, pol\u00edtica, econ\u00f4mica e moral,&#8230;<\/p>\n","protected":false},"author":1,"featured_media":4428,"comment_status":"closed","ping_status":"closed","sticky":false,"template":"","format":"standard","meta":{"footnotes":""},"categories":[3],"tags":[],"class_list":["post-18079","post","type-post","status-publish","format-standard","has-post-thumbnail","hentry","category-artigo"],"_links":{"self":[{"href":"https:\/\/www.corumbaonline.com.br\/news\/wp-json\/wp\/v2\/posts\/18079","targetHints":{"allow":["GET"]}}],"collection":[{"href":"https:\/\/www.corumbaonline.com.br\/news\/wp-json\/wp\/v2\/posts"}],"about":[{"href":"https:\/\/www.corumbaonline.com.br\/news\/wp-json\/wp\/v2\/types\/post"}],"author":[{"embeddable":true,"href":"https:\/\/www.corumbaonline.com.br\/news\/wp-json\/wp\/v2\/users\/1"}],"replies":[{"embeddable":true,"href":"https:\/\/www.corumbaonline.com.br\/news\/wp-json\/wp\/v2\/comments?post=18079"}],"version-history":[{"count":1,"href":"https:\/\/www.corumbaonline.com.br\/news\/wp-json\/wp\/v2\/posts\/18079\/revisions"}],"predecessor-version":[{"id":18080,"href":"https:\/\/www.corumbaonline.com.br\/news\/wp-json\/wp\/v2\/posts\/18079\/revisions\/18080"}],"wp:featuredmedia":[{"embeddable":true,"href":"https:\/\/www.corumbaonline.com.br\/news\/wp-json\/wp\/v2\/media\/4428"}],"wp:attachment":[{"href":"https:\/\/www.corumbaonline.com.br\/news\/wp-json\/wp\/v2\/media?parent=18079"}],"wp:term":[{"taxonomy":"category","embeddable":true,"href":"https:\/\/www.corumbaonline.com.br\/news\/wp-json\/wp\/v2\/categories?post=18079"},{"taxonomy":"post_tag","embeddable":true,"href":"https:\/\/www.corumbaonline.com.br\/news\/wp-json\/wp\/v2\/tags?post=18079"}],"curies":[{"name":"wp","href":"https:\/\/api.w.org\/{rel}","templated":true}]}}