{"id":18093,"date":"2018-06-01T10:49:22","date_gmt":"2018-06-01T14:49:22","guid":{"rendered":"http:\/\/www.corumbaonline.com.br\/news\/?p=18093"},"modified":"2018-06-01T10:55:21","modified_gmt":"2018-06-01T14:55:21","slug":"sexta-feira-com-pancadas-de-chuva-e-declinio-de-temperatura-no-estado","status":"publish","type":"post","link":"https:\/\/www.corumbaonline.com.br\/news\/sexta-feira-com-pancadas-de-chuva-e-declinio-de-temperatura-no-estado\/","title":{"rendered":"Sexta-feira com pancadas de chuva e decl\u00ednio de temperatura no Estado"},"content":{"rendered":"<p>A partir desta sexta-feira (1\u00ba) a frente fria avan\u00e7a em Mato Grosso do Sul, promovendo rajadas de vento, decl\u00ednio nas temperaturas e\u00a0pancadas de chuva mais generalizadas.<\/p>\n<p>O Estado registra 35% a 95% de umidade relativa do ar e temperatura entre 13\u00baC e 30\u00baC. As informa\u00e7\u00f5es s\u00e3o do Instituto Nacional de Meteorologia (Inmet).<\/p>\n<p><img loading=\"lazy\" decoding=\"async\" class=\" wp-image-226802 alignright\" src=\"http:\/\/www.ms.gov.br\/wp-content\/uploads\/sites\/150\/2018\/05\/sexta1.6-300x216.png\" sizes=\"auto, (max-width: 401px) 100vw, 401px\" srcset=\"http:\/\/www.ms.gov.br\/wp-content\/uploads\/sites\/150\/2018\/05\/sexta1.6-300x216.png 300w, http:\/\/www.ms.gov.br\/wp-content\/uploads\/sites\/150\/2018\/05\/sexta1.6.png 566w\" alt=\"\" width=\"401\" height=\"289\" \/><\/p>\n<p>Veja como deve ficar a temperatura em alguns munic\u00edpios:<\/p>\n<p>\u2022 Bonito \u2013 \u00b0C (m\u00ednima) \/ 29\u00baC (m\u00e1xima)<br \/>\n\u2022 Campo Grande \u2013 \u00baC (m\u00ednima) \/ 27\u00baC (m\u00e1xima)<br \/>\n\u2022 Corumb\u00e1 \u2013 \u00baC (m\u00ednima) \/ 31\u00baC (m\u00e1xima)<br \/>\n\u2022 Coxim \u2013 \u00baC (m\u00ednima) \/ 29\u00baC (m\u00e1xima)<br \/>\n\u2022 Dourados \u2013 \u00baC (m\u00ednima) \/ 27\u00baC (m\u00e1xima)<br \/>\n\u2022 Navira\u00ed \u2013 \u00baC (m\u00ednima) \/ 29\u00baC (m\u00e1xima)<br \/>\n\u2022 Nova Andradina \u2013 \u00baC (m\u00ednima) \/ 32\u00baC (m\u00e1xima)<br \/>\n\u2022 Ponta Por\u00e3 \u2013 \u00baC (m\u00ednima) \/ 26\u00baC (m\u00e1xima)<br \/>\n\u2022 Tr\u00eas Lagoas \u2013 \u00baC (m\u00ednima) \/ 28\u00baC (m\u00e1xima)<\/p>\n","protected":false},"excerpt":{"rendered":"<p>A partir desta sexta-feira (1\u00ba) a frente fria avan\u00e7a em Mato Grosso do Sul, promovendo&#8230;<\/p>\n","protected":false},"author":1,"featured_media":0,"comment_status":"closed","ping_status":"closed","sticky":false,"template":"","format":"standard","meta":{"footnotes":""},"categories":[17],"tags":[],"class_list":["post-18093","post","type-post","status-publish","format-standard","hentry","category-meio-ambiente"],"_links":{"self":[{"href":"https:\/\/www.corumbaonline.com.br\/news\/wp-json\/wp\/v2\/posts\/18093","targetHints":{"allow":["GET"]}}],"collection":[{"href":"https:\/\/www.corumbaonline.com.br\/news\/wp-json\/wp\/v2\/posts"}],"about":[{"href":"https:\/\/www.corumbaonline.com.br\/news\/wp-json\/wp\/v2\/types\/post"}],"author":[{"embeddable":true,"href":"https:\/\/www.corumbaonline.com.br\/news\/wp-json\/wp\/v2\/users\/1"}],"replies":[{"embeddable":true,"href":"https:\/\/www.corumbaonline.com.br\/news\/wp-json\/wp\/v2\/comments?post=18093"}],"version-history":[{"count":1,"href":"https:\/\/www.corumbaonline.com.br\/news\/wp-json\/wp\/v2\/posts\/18093\/revisions"}],"predecessor-version":[{"id":18094,"href":"https:\/\/www.corumbaonline.com.br\/news\/wp-json\/wp\/v2\/posts\/18093\/revisions\/18094"}],"wp:attachment":[{"href":"https:\/\/www.corumbaonline.com.br\/news\/wp-json\/wp\/v2\/media?parent=18093"}],"wp:term":[{"taxonomy":"category","embeddable":true,"href":"https:\/\/www.corumbaonline.com.br\/news\/wp-json\/wp\/v2\/categories?post=18093"},{"taxonomy":"post_tag","embeddable":true,"href":"https:\/\/www.corumbaonline.com.br\/news\/wp-json\/wp\/v2\/tags?post=18093"}],"curies":[{"name":"wp","href":"https:\/\/api.w.org\/{rel}","templated":true}]}}