{"id":18116,"date":"2018-06-01T16:12:47","date_gmt":"2018-06-01T20:12:47","guid":{"rendered":"http:\/\/www.corumbaonline.com.br\/news\/?p=18116"},"modified":"2018-06-01T16:03:26","modified_gmt":"2018-06-01T20:03:26","slug":"a-hora-do-reencontro-com-a-legalidade","status":"publish","type":"post","link":"https:\/\/www.corumbaonline.com.br\/news\/a-hora-do-reencontro-com-a-legalidade\/","title":{"rendered":"A hora do reencontro com a legalidade"},"content":{"rendered":"<div id=\"yui_3_16_0_1_1527874399040_7325\"><span id=\"yui_3_16_0_1_1527874399040_7326\"><span id=\"yui_3_16_0_1_1527874399040_7327\" style=\"font-family: Calibri;\">A rea\u00e7\u00e3o do governo \u00e0 greve dos caminhoneiros, foi lenta.\u00a0\u00a0Quando decidiram cuidar do problema, Michel Temer e sua equipe falaram com quem n\u00e3o representava boa parte dos rebelados. Foi preciso o governador M\u00e1rcio Fran\u00e7a descobrir em S\u00e3o Paulo\u00a0os membros\u00a0da base da pir\u00e2mide com voz ativa para abrir ou fechar estradas. Mesmo assim, o governo patinou nas negocia\u00e7\u00f5es. A greve, no entanto, s\u00f3 se resolveu depois que o Supremo Tribunal Federal, com a m\u00e3o forte do ministro Alexandre de Moraes \u2013 que tem consigo a experi\u00eancia de ex-secret\u00e1rio da Seguran\u00e7a P\u00fablica de S\u00e3o Paulo e de Ministro da Justi\u00e7a \u2013 determinando\u00a0\u00a0multas de 10 mil para caminhoneiros e 100 mil para transportadoras que insistissem em manter a paralisa\u00e7\u00e3o e provocar o caos do desabastecimento. Some-se, como \u201ctiro\u201d definitivo na crise, o pronunciamento da presidente do Supremo Tribunal Federal, ministra Carmem L\u00facia, em defesa da democracia e desencorajando os que pregam a interven\u00e7\u00e3o militar.\u00a0O ministro Dias T\u00f3ffoli, que assume a presid\u00eancia em setembro, com certeza, manter\u00e1 esse vi\u00e9s democr\u00e1tico-legalista.<\/span><\/span><\/div>\n<div><\/div>\n<div id=\"yui_3_16_0_1_1527874399040_7329\"><span id=\"yui_3_16_0_1_1527874399040_7330\"><span id=\"yui_3_16_0_1_1527874399040_7331\" style=\"font-family: Calibri;\">Chegamos a esse estado cr\u00edtico de aus\u00eancia de autoridade porque a leni\u00eancia tornou-se h\u00e1bito no Brasil redemocratizado, p\u00f3s 1985. Para se diferenciarem dos governos militares, os demagogos que assumiram o poder deixaram de aplicar as leis e conduziram o pa\u00eds ao atual v\u00e1cuo de autoridade. Ignoraram que a democracia carece de respeito legal para se manter em p\u00e9 e que quem desobedece a norma jur\u00eddica tem de receber as consequ\u00eancias, em nome da pr\u00f3pria democracia. Agora, al\u00e9m do STF, vemos a PGR (Procuradoria Geral da Rep\u00fablica) abrindo investiga\u00e7\u00e3o para enquadrar os que tenham infringido a Lei de Seguran\u00e7a Nacional, e o governo falando firme em rela\u00e7\u00e3o aos que promoveram a desobedi\u00eancia civil ou que vierem a descumprir as determina\u00e7\u00f5es em rela\u00e7\u00e3o aos pre\u00e7os dos combust\u00edveis. Foi preciso chegar ao pr\u00e9-caos para o Estado brasileiro deixar a confort\u00e1vel posi\u00e7\u00e3o de n\u00e3o cobrar respeito ao ordenamento jur\u00eddico. Mesmo assim, essa provid\u00eancia vem\u00a0da m\u00e3o forte\u00a0do Judici\u00e1rio, pois o Executivo e\u00a0principalmente\u00a0o Legislativo ainda permanecem acovardados e de olho nos conchavos que levam aos votos das pr\u00f3ximas elei\u00e7\u00f5es.<\/span><\/span><\/div>\n<div><\/div>\n<div id=\"yui_3_16_0_1_1527874399040_7333\"><span id=\"yui_3_16_0_1_1527874399040_7334\"><span id=\"yui_3_16_0_1_1527874399040_7335\" style=\"font-family: Calibri;\">Precisamos resgatar o princ\u00edpio da autoridade. Os caminhoneiros \u2013 e os petroleiros, que recuaram na greve depois que o Tribunal Superior do Trabalho aumentou o valor das multas por desobedi\u00eancia \u2013\u00a0desistiram porque sabem da for\u00e7a e efetividade das medidas do Judici\u00e1rio.\u00a0Todos os brasileiros, t\u00eam de readquirir a certeza de que o comportamento arbitr\u00e1rio ou ilegal resulta em conseq\u00fc\u00eancias. As multas, pris\u00f5es e outras san\u00e7\u00f5es previstas t\u00eam de ser aplicadas sem a costumeira e desordeira leni\u00eancia que leva ao esquecimento ou at\u00e9 ao perd\u00e3o. O Brasil precisa reaprender a obedi\u00eancia legal enfraquecida durante todos esses anos da falsa liberdade que conduziram ao ambiente an\u00e1rquico e criminoso que hoje vivemos.<\/span><\/span><\/div>\n<div><\/div>\n<div id=\"yui_3_16_0_1_1527874399040_7337\"><span id=\"yui_3_16_0_1_1527874399040_7338\"><span id=\"yui_3_16_0_1_1527874399040_7339\" style=\"font-family: Calibri;\">Que todos os crimes praticados na greve \u2013 por caminhoneiros, empres\u00e1rios ou infiltrados \u2013\u00a0sejam apurados\u00a0e severamente punidos. E que o momento seja um marco da volta do pa\u00eds ao estado de respeito \u00e0s leis. Todos t\u00eam direito a propor mudan\u00e7as, atrav\u00e9s dos canais legais \u2013 que devem se manter acess\u00edveis \u2013 mas nunca pelos meios violentos e ilegais, que levam o povo a sofrer&#8230;<\/span><\/span><\/div>\n<div id=\"yui_3_16_0_1_1527874399040_7341\"><span id=\"yui_3_16_0_1_1527874399040_7342\"><span id=\"yui_3_16_0_1_1527874399040_7343\" style=\"font-family: Calibri;\">\u00a0<\/span><\/span><\/div>\n<div id=\"yui_3_16_0_1_1527874399040_7345\"><span id=\"yui_3_16_0_1_1527874399040_7346\">Tenente Dirceu Cardoso Gon\u00e7alves &#8211; dirigente da ASPOMIL (Associa\u00e7\u00e3o de\u00a0Assist. Social dos Policiais Militares de S\u00e3o Paulo)\u00a0<\/span><\/div>\n","protected":false},"excerpt":{"rendered":"<p>A rea\u00e7\u00e3o do governo \u00e0 greve dos caminhoneiros, foi lenta.\u00a0\u00a0Quando decidiram cuidar do problema, Michel&#8230;<\/p>\n","protected":false},"author":1,"featured_media":0,"comment_status":"closed","ping_status":"closed","sticky":false,"template":"","format":"standard","meta":{"footnotes":""},"categories":[3],"tags":[],"class_list":["post-18116","post","type-post","status-publish","format-standard","hentry","category-artigo"],"_links":{"self":[{"href":"https:\/\/www.corumbaonline.com.br\/news\/wp-json\/wp\/v2\/posts\/18116","targetHints":{"allow":["GET"]}}],"collection":[{"href":"https:\/\/www.corumbaonline.com.br\/news\/wp-json\/wp\/v2\/posts"}],"about":[{"href":"https:\/\/www.corumbaonline.com.br\/news\/wp-json\/wp\/v2\/types\/post"}],"author":[{"embeddable":true,"href":"https:\/\/www.corumbaonline.com.br\/news\/wp-json\/wp\/v2\/users\/1"}],"replies":[{"embeddable":true,"href":"https:\/\/www.corumbaonline.com.br\/news\/wp-json\/wp\/v2\/comments?post=18116"}],"version-history":[{"count":1,"href":"https:\/\/www.corumbaonline.com.br\/news\/wp-json\/wp\/v2\/posts\/18116\/revisions"}],"predecessor-version":[{"id":18117,"href":"https:\/\/www.corumbaonline.com.br\/news\/wp-json\/wp\/v2\/posts\/18116\/revisions\/18117"}],"wp:attachment":[{"href":"https:\/\/www.corumbaonline.com.br\/news\/wp-json\/wp\/v2\/media?parent=18116"}],"wp:term":[{"taxonomy":"category","embeddable":true,"href":"https:\/\/www.corumbaonline.com.br\/news\/wp-json\/wp\/v2\/categories?post=18116"},{"taxonomy":"post_tag","embeddable":true,"href":"https:\/\/www.corumbaonline.com.br\/news\/wp-json\/wp\/v2\/tags?post=18116"}],"curies":[{"name":"wp","href":"https:\/\/api.w.org\/{rel}","templated":true}]}}