{"id":18120,"date":"2018-06-01T16:46:34","date_gmt":"2018-06-01T20:46:34","guid":{"rendered":"http:\/\/www.corumbaonline.com.br\/news\/?p=18120"},"modified":"2018-06-01T16:17:46","modified_gmt":"2018-06-01T20:17:46","slug":"ministerio-do-trabalho-suspende-concessao-de-registros-sindicais","status":"publish","type":"post","link":"https:\/\/www.corumbaonline.com.br\/news\/ministerio-do-trabalho-suspende-concessao-de-registros-sindicais\/","title":{"rendered":"Minist\u00e9rio do Trabalho suspende concess\u00e3o de registros sindicais"},"content":{"rendered":"<p>O Minist\u00e9rio do Trabalho suspendeu hoje (1\u00ba) por 30 dias as an\u00e1lises, publica\u00e7\u00f5es de pedidos, publica\u00e7\u00f5es de deferimento e cancelamentos de registro sindical. A portaria com a medida foi publicada no\u00a0<a href=\"http:\/\/www.imprensanacional.gov.br\/web\/guest\/materia\/-\/asset_publisher\/Kujrw0TZC2Mb\/content\/id\/16774193\/do1-2018-06-01-portaria-n-32-de-30-de-maio-de-2018-16774189\" target=\"_blank\" rel=\"noopener noreferrer\"><em>Di\u00e1rio Oficial da Uni\u00e3o<\/em><\/a>.<\/p>\n<p>Caso haja necessidade administrativa, a suspens\u00e3o pode ser prorrogada por mais 30 dias. Est\u00e3o exclu\u00eddos da medida os processos com determina\u00e7\u00e3o judicial para cumprimento imediato.<\/p>\n<p>A publica\u00e7\u00e3o ocorreu depois que, na quarta-feira (30), a Pol\u00edcia Federal realizou opera\u00e7\u00e3o para investigar a exist\u00eancia de um esquema de concess\u00e3o fraudulenta de registros sindicais junto ao Minist\u00e9rio do Trabalho, obtidos mediante a indica\u00e7\u00e3o de pol\u00edticos.<\/p>\n<p>Os gabinetes dos deputados federais Jovair Arantes (PTB-GO), Wilson Filho (PTB-PB) e Paulo Pereira da Silva (SD-SP) foram alvos de busca e apreens\u00e3o.<\/p>\n<p><strong>Deputados negam participa\u00e7\u00e3o<\/strong><\/p>\n<p>Os parlamentares afirmam que n\u00e3o participaram do esquema de indica\u00e7\u00f5es no Minist\u00e9rio do Trabalho. Desde 2016, o titular da pasta \u00e9 indicado pelo governo ap\u00f3s consultas ao PTB.<\/p>\n<p>Na portaria, o Minist\u00e9rio do Trabalho d\u00e1 dez dias para que a Coordena\u00e7\u00e3o-Geral de Registro Sindical, a Coordena\u00e7\u00e3o-Geral de Rela\u00e7\u00f5es do Trabalho e a Coordena\u00e7\u00e3o-Geral de Informa\u00e7\u00f5es de Rela\u00e7\u00f5es do Trabalho e Contribui\u00e7\u00e3o Sindical informem todos os processos acautelados em seus setores, informando data de entrada e a ordem cronol\u00f3gica de datas assinadas nos \u00faltimos 30 dias.<\/p>\n<p><strong>Mandado de pris\u00e3o<\/strong><\/p>\n<p>O atual secret\u00e1rio-executivo do Minist\u00e9rio do Trabalho, Leonardo Jos\u00e9 Arantes, segundo na hierarquia da pasta, est\u00e1 na lista dos que tiveram\u00a0<a href=\"http:\/\/agenciabrasil.ebc.com.br\/politica\/noticia\/2018-05\/secretario-executivo-do-trabalho-e-alvo-de-mandado-de-prisao\" target=\"_blank\" rel=\"noopener noreferrer\">mandados de pris\u00e3o<\/a>expedidos no \u00e2mbito da Opera\u00e7\u00e3o Registro Esp\u00fario.<\/p>\n<p>Ele s\u00f3 n\u00e3o foi preso no \u00faltimo dia 30 pela Pol\u00edcia Federal (PF) porque est\u00e1 na Inglaterra, em viagem de trabalho, como informou em sua p\u00e1gina nas redes sociais. Segundo o Minist\u00e9rio do Trabalho, a previs\u00e3o \u00e9 que Arantes retorne neste fim de semana.<\/p>\n<p>A PF diz que est\u00e1 em contato com Arantes, que est\u00e1 em miss\u00e3o oficial no exterior, e que a expectativa \u00e9 que ele se entregue \u00e0s autoridades at\u00e9 domingo.<\/p>\n","protected":false},"excerpt":{"rendered":"<p>O Minist\u00e9rio do Trabalho suspendeu hoje (1\u00ba) por 30 dias as an\u00e1lises, publica\u00e7\u00f5es de pedidos,&#8230;<\/p>\n","protected":false},"author":1,"featured_media":0,"comment_status":"closed","ping_status":"closed","sticky":false,"template":"","format":"standard","meta":{"footnotes":""},"categories":[14],"tags":[],"class_list":["post-18120","post","type-post","status-publish","format-standard","hentry","category-geral"],"_links":{"self":[{"href":"https:\/\/www.corumbaonline.com.br\/news\/wp-json\/wp\/v2\/posts\/18120","targetHints":{"allow":["GET"]}}],"collection":[{"href":"https:\/\/www.corumbaonline.com.br\/news\/wp-json\/wp\/v2\/posts"}],"about":[{"href":"https:\/\/www.corumbaonline.com.br\/news\/wp-json\/wp\/v2\/types\/post"}],"author":[{"embeddable":true,"href":"https:\/\/www.corumbaonline.com.br\/news\/wp-json\/wp\/v2\/users\/1"}],"replies":[{"embeddable":true,"href":"https:\/\/www.corumbaonline.com.br\/news\/wp-json\/wp\/v2\/comments?post=18120"}],"version-history":[{"count":1,"href":"https:\/\/www.corumbaonline.com.br\/news\/wp-json\/wp\/v2\/posts\/18120\/revisions"}],"predecessor-version":[{"id":18121,"href":"https:\/\/www.corumbaonline.com.br\/news\/wp-json\/wp\/v2\/posts\/18120\/revisions\/18121"}],"wp:attachment":[{"href":"https:\/\/www.corumbaonline.com.br\/news\/wp-json\/wp\/v2\/media?parent=18120"}],"wp:term":[{"taxonomy":"category","embeddable":true,"href":"https:\/\/www.corumbaonline.com.br\/news\/wp-json\/wp\/v2\/categories?post=18120"},{"taxonomy":"post_tag","embeddable":true,"href":"https:\/\/www.corumbaonline.com.br\/news\/wp-json\/wp\/v2\/tags?post=18120"}],"curies":[{"name":"wp","href":"https:\/\/api.w.org\/{rel}","templated":true}]}}