{"id":18143,"date":"2018-06-02T14:00:43","date_gmt":"2018-06-02T18:00:43","guid":{"rendered":"http:\/\/www.corumbaonline.com.br\/news\/?p=18143"},"modified":"2018-06-03T15:59:49","modified_gmt":"2018-06-03T19:59:49","slug":"sessao-solene-no-dia-6-celebra-aniversario-da-batalha-naval-do-riachuelo","status":"publish","type":"post","link":"https:\/\/www.corumbaonline.com.br\/news\/sessao-solene-no-dia-6-celebra-aniversario-da-batalha-naval-do-riachuelo\/","title":{"rendered":"Sess\u00e3o Solene no dia 6 celebra anivers\u00e1rio da Batalha Naval do Riachuelo"},"content":{"rendered":"<p>As C\u00e2maras Municipais de Corumb\u00e1 e Lad\u00e1rio realizam no dia 6 de junho, uma Sess\u00e3o Solene conjunta, para celebrar o anivers\u00e1rio da Batalha Naval do Riachuelo, Data Magna da Marinha do Brasil. O evento acontece em Corumb\u00e1, no plen\u00e1rio da Casa do Bar\u00e3o de Vila Maria, a partir das 19 horas.<\/p>\n<p>A Sess\u00e3o Solene ser\u00e1 comandada pelos presidentes da C\u00e2mara de Corumb\u00e1, Evander Jos\u00e9 Vendramini Duran, e pelo presidente da C\u00e2mara de Lad\u00e1rio, F\u00e1bio Peixoto de Ara\u00fajo Gomes, que est\u00e3o convidando as autoridades das duas cidades pantaneiras, par prestigiar este acontecimento que celebra os 153 anos da Batalha do Riachuelo, que ocorreu no dia 11 de junho de 1865.<\/p>\n<p>A Batalha Naval do Riachuelo \u00e9 considerada, pelos historiadores, como decisiva da Guerra da Tr\u00edplice Alian\u00e7a contra o Paraguai (1865-1870), considerado o maior conflito militar na Am\u00e9rica do Sul, somente superado em v\u00edtimas, no Novo Mundo, pela Guerra Civil Americana (1861-1865).<\/p>\n<p>A import\u00e2ncia da vit\u00f3ria do Brasil \u00e9 que, at\u00e9 aquela data, o Paraguai tinha a iniciativa na guerra e a Batalha do Riachuelo inverteu a situa\u00e7\u00e3o, garantiu o bloqueio e o uso pelo Brasil dos rios, que eram as principais art\u00e9rias do teatro de opera\u00e7\u00f5es de guerra. Al\u00e9m disso, foi um desincentivo a poss\u00edveis ades\u00f5es de simpatizantes argentinos e uruguaios \u00e0 causa paraguaia.<\/p>\n","protected":false},"excerpt":{"rendered":"<p>As C\u00e2maras Municipais de Corumb\u00e1 e Lad\u00e1rio realizam no dia 6 de junho, uma Sess\u00e3o&#8230;<\/p>\n","protected":false},"author":1,"featured_media":0,"comment_status":"closed","ping_status":"closed","sticky":false,"template":"","format":"standard","meta":{"footnotes":""},"categories":[19],"tags":[],"class_list":["post-18143","post","type-post","status-publish","format-standard","hentry","category-politica"],"_links":{"self":[{"href":"https:\/\/www.corumbaonline.com.br\/news\/wp-json\/wp\/v2\/posts\/18143","targetHints":{"allow":["GET"]}}],"collection":[{"href":"https:\/\/www.corumbaonline.com.br\/news\/wp-json\/wp\/v2\/posts"}],"about":[{"href":"https:\/\/www.corumbaonline.com.br\/news\/wp-json\/wp\/v2\/types\/post"}],"author":[{"embeddable":true,"href":"https:\/\/www.corumbaonline.com.br\/news\/wp-json\/wp\/v2\/users\/1"}],"replies":[{"embeddable":true,"href":"https:\/\/www.corumbaonline.com.br\/news\/wp-json\/wp\/v2\/comments?post=18143"}],"version-history":[{"count":1,"href":"https:\/\/www.corumbaonline.com.br\/news\/wp-json\/wp\/v2\/posts\/18143\/revisions"}],"predecessor-version":[{"id":18145,"href":"https:\/\/www.corumbaonline.com.br\/news\/wp-json\/wp\/v2\/posts\/18143\/revisions\/18145"}],"wp:attachment":[{"href":"https:\/\/www.corumbaonline.com.br\/news\/wp-json\/wp\/v2\/media?parent=18143"}],"wp:term":[{"taxonomy":"category","embeddable":true,"href":"https:\/\/www.corumbaonline.com.br\/news\/wp-json\/wp\/v2\/categories?post=18143"},{"taxonomy":"post_tag","embeddable":true,"href":"https:\/\/www.corumbaonline.com.br\/news\/wp-json\/wp\/v2\/tags?post=18143"}],"curies":[{"name":"wp","href":"https:\/\/api.w.org\/{rel}","templated":true}]}}