{"id":18151,"date":"2018-06-02T10:10:13","date_gmt":"2018-06-02T14:10:13","guid":{"rendered":"http:\/\/www.corumbaonline.com.br\/news\/?p=18151"},"modified":"2018-06-03T15:39:14","modified_gmt":"2018-06-03T19:39:14","slug":"14a-semana-nacional-dos-alimentos-organicos-comeca-dia-4-de-junho-em-corumba","status":"publish","type":"post","link":"https:\/\/www.corumbaonline.com.br\/news\/14a-semana-nacional-dos-alimentos-organicos-comeca-dia-4-de-junho-em-corumba\/","title":{"rendered":"14\u00aa Semana Nacional dos Alimentos Org\u00e2nicos come\u00e7a dia 4 de junho em Corumb\u00e1"},"content":{"rendered":"<p>Quer saber mais sobre os alimentos org\u00e2nicos e sobre transi\u00e7\u00e3o agroecol\u00f3gica? entre os dias 04 a 08 de junho acontecer\u00e1 a \u201c14\u00aa Semana Nacional dos Alimentos Org\u00e2nicos\u201d que, este ano\u00a0em Corumb\u00e1, vem com o seguinte tema: \u00a0Agroecologia: Educa\u00e7\u00e3o e Sa\u00fade do Campo \u00e0 Mesa, uma \u00f3tima oportunidade para se aprofundar no assunto. O evento ocorrer\u00e1 simultaneamente com a \u201cSemana do Meio Ambiente na UFMS Campus do Pantanal\u201d.<\/p>\n<p>A semana\u00a0\u00e9 uma realiza\u00e7\u00e3o do N\u00facleo de Estudos de Agroecologia e Produ\u00e7\u00e3o Org\u00e2nica do Pantanal \u2013 NEAP, sediado na UFMS, em parceria com a Embrapa Pantanal, Agraer, Prefeitura Municipal de Corumb\u00e1 e Prefeitura Municipal de Lad\u00e1rio.<\/p>\n<p>Esta edi\u00e7\u00e3o contar\u00e1 com palestras, oficinas, visitas de alunos aos laborat\u00f3rios da UFMS, al\u00e9m de uma feira onde ser\u00e3o comercializados produtos das experi\u00eancias incentivadas pelo NEAP resultante dos processos de transi\u00e7\u00e3o agroecol\u00f3gica. As palestras ocorrer\u00e3o no Anfiteatro Prof. Salom\u00e3o Baruki (UFMS) e as atividades s\u00e3o gratuitas e abertas ao p\u00fablico externo.<\/p>\n<p>Segundo o coordenador do NEAP, Edgar Aparecido da Costa, a semana tem como objetivo difundir e promover os sistemas org\u00e2nicos de produ\u00e7\u00e3o e o alimento org\u00e2nico. \u201cA realiza\u00e7\u00e3o da Semana Nacional dos Alimentos Org\u00e2nicos \u00e9 uma das a\u00e7\u00f5es desenvolvidas pelo NEAP e seus parceiros no fomento \u00e0 produ\u00e7\u00e3o e consumo de alimentos org\u00e2nicos. O N\u00facleo incentiva processos de transi\u00e7\u00e3o agroecol\u00f3gica, buscando estimular mudan\u00e7as de comportamentos produtivos para atitudes mais sustent\u00e1veis de produ\u00e7\u00e3o, tendo os princ\u00edpios da agroecologia como pilares estrat\u00e9gicos, bem como a mentalidade dos consumidores em priorizar alimentos mais saud\u00e1veis\u201d, explica o coordenador.<\/p>\n<p>O pesquisador da Embrapa Pantanal Alberto Feiden explica que esta j\u00e1 \u00e9 a 14\u00ba edi\u00e7\u00e3o do evento: \u201cbuscamos consolidar a parceria e ampliar o leque de institui\u00e7\u00f5es comprometidas com a produ\u00e7\u00e3o agroecol\u00f3gica. Outro ponto importante \u00e9 transmitir informa\u00e7\u00f5es sobre a import\u00e2ncia destes alimentos n\u00e3o s\u00f3 para a sa\u00fade f\u00edsica como para o meio ambiente como um todo para as pessoas que j\u00e1 s\u00e3o consumidoras de produtos org\u00e2nicos e tentar sensibilizar aqueles que ainda n\u00e3o est\u00e3o habituados a comprar um produto produzido em processo ecol\u00f3gico, sem uso de insumos industriais\u201d, explica o pesquisador.<\/p>\n<p><strong>Programa\u00e7\u00e3o<\/strong><\/p>\n<p>A programa\u00e7\u00e3o contar\u00e1 com uma palestra de abertura, dia 04\/06 \u00e0s 09h, intitulada: O Impacto do Uso de Agrot\u00f3xicos no Meio Ambiente e na Sa\u00fade Humana, ministrada pela bi\u00f3loga e Mestre em Estudos Fronteiri\u00e7os F\u00e1tima Seher. No mesmo dia, a partir das 14h, o permacultor Cl\u00e1udio Morse (UNIOM) falar\u00e1 sobre os Princ\u00edpios da Permacultura.<\/p>\n<p>Na ter\u00e7a, dia 05\/06, a programa\u00e7\u00e3o contar\u00e1 com a Feira de produtos em transi\u00e7\u00e3o agroecol\u00f3gica da Incubadora Tecnol\u00f3gica de Cooperativas Populares do Pantanal e da Fronteira, realizada pela manh\u00e3 das 8h \u00e0s 11h. A tarde, as 14h, a palestra \u201cTransforma\u00e7\u00f5es na Horticultura da Prov\u00edncia Germ\u00e1n Bush: A Transi\u00e7\u00e3o Agroecol\u00f3gica em Movimento\u201d, ser\u00e1 ministrada pelo Veterin\u00e1rio Juan Carlos Suarez, SEDACRUZ\/ e em seguida ser\u00e1 a vez do pesquisador da Embrapa Pantanal Alberto Feiden falar sobre \u201cAgroecologia e Produ\u00e7\u00e3o Org\u00e2nica\u201d, com in\u00edcio marcado para as 15h.<\/p>\n<p>Quarta Feira, dia 06\/06, a partir das 14h o tema \u201cProdu\u00e7\u00e3o Org\u00e2nica e Alimenta\u00e7\u00e3o Saud\u00e1vel\u201d ser\u00e1 apresentado pela nutricionista Maryane Vasconcellos e na sequ\u00eancia, as 15h, o engenheiro Agr\u00f4nomo da Agraer Bodoquena\/MS Airton Garcez ministrar\u00e1 uma palestra sobre as \u201cTecnologias para Produ\u00e7\u00e3o Org\u00e2nica\/Agroecol\u00f3gica\u201d. Airton ser\u00e1 o respons\u00e1vel tamb\u00e9m pela \u201cOficina Manejo de Quintais Agroecol\u00f3gicos\/Podas\u201d que ser\u00e3o oferecidas na quinta e sexta feira, das 8h \u00e0s 11h, no assentamento S\u00e3o Gabriel, Lote 271, na zona Rural de Corumb\u00e1.<\/p>\n","protected":false},"excerpt":{"rendered":"<p>Quer saber mais sobre os alimentos org\u00e2nicos e sobre transi\u00e7\u00e3o agroecol\u00f3gica? entre os dias 04&#8230;<\/p>\n","protected":false},"author":1,"featured_media":18152,"comment_status":"closed","ping_status":"closed","sticky":false,"template":"","format":"standard","meta":{"footnotes":""},"categories":[2],"tags":[],"class_list":["post-18151","post","type-post","status-publish","format-standard","has-post-thumbnail","hentry","category-agropecuaria"],"_links":{"self":[{"href":"https:\/\/www.corumbaonline.com.br\/news\/wp-json\/wp\/v2\/posts\/18151","targetHints":{"allow":["GET"]}}],"collection":[{"href":"https:\/\/www.corumbaonline.com.br\/news\/wp-json\/wp\/v2\/posts"}],"about":[{"href":"https:\/\/www.corumbaonline.com.br\/news\/wp-json\/wp\/v2\/types\/post"}],"author":[{"embeddable":true,"href":"https:\/\/www.corumbaonline.com.br\/news\/wp-json\/wp\/v2\/users\/1"}],"replies":[{"embeddable":true,"href":"https:\/\/www.corumbaonline.com.br\/news\/wp-json\/wp\/v2\/comments?post=18151"}],"version-history":[{"count":1,"href":"https:\/\/www.corumbaonline.com.br\/news\/wp-json\/wp\/v2\/posts\/18151\/revisions"}],"predecessor-version":[{"id":18153,"href":"https:\/\/www.corumbaonline.com.br\/news\/wp-json\/wp\/v2\/posts\/18151\/revisions\/18153"}],"wp:featuredmedia":[{"embeddable":true,"href":"https:\/\/www.corumbaonline.com.br\/news\/wp-json\/wp\/v2\/media\/18152"}],"wp:attachment":[{"href":"https:\/\/www.corumbaonline.com.br\/news\/wp-json\/wp\/v2\/media?parent=18151"}],"wp:term":[{"taxonomy":"category","embeddable":true,"href":"https:\/\/www.corumbaonline.com.br\/news\/wp-json\/wp\/v2\/categories?post=18151"},{"taxonomy":"post_tag","embeddable":true,"href":"https:\/\/www.corumbaonline.com.br\/news\/wp-json\/wp\/v2\/tags?post=18151"}],"curies":[{"name":"wp","href":"https:\/\/api.w.org\/{rel}","templated":true}]}}