{"id":18172,"date":"2018-06-03T15:15:31","date_gmt":"2018-06-03T19:15:31","guid":{"rendered":"http:\/\/www.corumbaonline.com.br\/news\/?p=18172"},"modified":"2018-06-03T16:32:24","modified_gmt":"2018-06-03T20:32:24","slug":"promotores-querem-investigar-venda-de-informacoes-de-contribuintes","status":"publish","type":"post","link":"https:\/\/www.corumbaonline.com.br\/news\/promotores-querem-investigar-venda-de-informacoes-de-contribuintes\/","title":{"rendered":"Promotores querem investigar venda de informa\u00e7\u00f5es de contribuintes"},"content":{"rendered":"<p>A Comiss\u00e3o de Prote\u00e7\u00e3o de Dados do Minist\u00e9rio P\u00fablico do Distrito Federal e Territ\u00f3rios (MPDFT) enviou ao Minist\u00e9rio P\u00fablico Federal (MPF) informa\u00e7\u00f5es sobre poss\u00edvel venda de CPFs e outros dados pelo Servi\u00e7o Federal de Processamento de Dados (Serpro), empresa p\u00fablica vinculada ao governo federal. No documento, o MPDFT pede ao MPF que apure e avalie se h\u00e1 ilegalidades no caso.<\/p>\n<p>Desde o in\u00edcio do ano o MPDFT investiga o\u00a0<em>site<\/em>\u00a0Consulta P\u00fablica, que disponibiliza informa\u00e7\u00f5es pessoais de brasileiros. A suspeita \u00e9 que ele estaria usando dados da base de \u00f3rg\u00e3os da Administra\u00e7\u00e3o P\u00fablica Federal, como o Serpro. O\u00a0dom\u00ednio do\u00a0<em>site<\/em>foi congelado por a\u00e7\u00e3o dos promotores.<\/p>\n<p>Entre as informa\u00e7\u00f5es oferecidas por determinadas quantias estariam nome completo, inscri\u00e7\u00e3o no CPF, data de nascimento, sexo, t\u00edtulo de eleitor, nome da m\u00e3e, endere\u00e7o completo e situa\u00e7\u00e3o da inscri\u00e7\u00e3o no Cadastro de Pessoas F\u00edsicas. Esses dados eram retirados da base da Receita Federal.<\/p>\n<p><strong>Comercializa\u00e7\u00e3o<\/strong><\/p>\n<p>Segundo comunicado divulgado esta semana pelo MPDFT,\u00a0a Comiss\u00e3o de Prote\u00e7\u00e3o de Dados da institui\u00e7\u00e3o teria encontrado evid\u00eancias da comercializa\u00e7\u00e3o de CPFs, \u201cinclusive com descri\u00e7\u00e3o de valores referentes \u00e0 venda dos dados para a pr\u00f3pria administra\u00e7\u00e3o p\u00fablica direta e indireta\u201d.<\/p>\n<p>A equipe teria obtido uma proposta comercial do Serpro para comercializar os cadastros pessoais com outro \u00f3rg\u00e3o da Administra\u00e7\u00e3o P\u00fablica, como a Controladoria-Geral da Uni\u00e3o, o Conselho da Justi\u00e7a Federal e o Conselho Nacional de Justi\u00e7a, em contratos que somam mais de R$ 1,3 milh\u00e3o. Os promotores questionaram a empresa, que se recusou a responder \u00e0s perguntas.<\/p>\n<p>\u201cTrata-se de um neg\u00f3cio milion\u00e1rio no qual os dados armazenados e geridos pela pr\u00f3pria administra\u00e7\u00e3o p\u00fablica s\u00e3o vendidos para a mesma administra\u00e7\u00e3o p\u00fablica\u201d, afirmou o promotor Frederico Ceroy.<\/p>\n<p><strong>Serpro<\/strong><\/p>\n<p>Por meio de nota, o Serpro repudiou o que chamou de \u201ca distor\u00e7\u00e3o que vem sendo feita a respeito de sua atua\u00e7\u00e3o na presta\u00e7\u00e3o de servi\u00e7os ao governo e \u00e0 sociedade\u201d. A empresa acrescentou que nunca contratou ou repassou informa\u00e7\u00f5es ao site Consulta P\u00fablica, bem como n\u00e3o disponibilizou dados b\u00e1sicos de brasileiros \u201cem qualquer ambiente\u201d.<\/p>\n<p>Em rela\u00e7\u00e3o ao repasse a outros \u00f3rg\u00e3os p\u00fablicos, o Serpro argumentou que o processo n\u00e3o \u00e9 irregular.<\/p>\n<p>\u201cO que \u00e9 chamado &#8216;venda de informa\u00e7\u00f5es&#8217; \u00e9, na verdade, um procedimento legal e leg\u00edtimo amparado por lei de disponibiliza\u00e7\u00e3o, previamente autorizada, de dados e informa\u00e7\u00f5es j\u00e1 p\u00fablicos, pertencentes aos \u00f3rg\u00e3os e entidades da administra\u00e7\u00e3o, procedimento que, em nenhuma medida, atenta contra o sigilo de dados do cidad\u00e3o\u201d, concluiu\u00a0o comunicado.<\/p>\n","protected":false},"excerpt":{"rendered":"<p>A Comiss\u00e3o de Prote\u00e7\u00e3o de Dados do Minist\u00e9rio P\u00fablico do Distrito Federal e Territ\u00f3rios (MPDFT)&#8230;<\/p>\n","protected":false},"author":1,"featured_media":0,"comment_status":"closed","ping_status":"closed","sticky":false,"template":"","format":"standard","meta":{"footnotes":""},"categories":[14],"tags":[],"class_list":["post-18172","post","type-post","status-publish","format-standard","hentry","category-geral"],"_links":{"self":[{"href":"https:\/\/www.corumbaonline.com.br\/news\/wp-json\/wp\/v2\/posts\/18172","targetHints":{"allow":["GET"]}}],"collection":[{"href":"https:\/\/www.corumbaonline.com.br\/news\/wp-json\/wp\/v2\/posts"}],"about":[{"href":"https:\/\/www.corumbaonline.com.br\/news\/wp-json\/wp\/v2\/types\/post"}],"author":[{"embeddable":true,"href":"https:\/\/www.corumbaonline.com.br\/news\/wp-json\/wp\/v2\/users\/1"}],"replies":[{"embeddable":true,"href":"https:\/\/www.corumbaonline.com.br\/news\/wp-json\/wp\/v2\/comments?post=18172"}],"version-history":[{"count":1,"href":"https:\/\/www.corumbaonline.com.br\/news\/wp-json\/wp\/v2\/posts\/18172\/revisions"}],"predecessor-version":[{"id":18173,"href":"https:\/\/www.corumbaonline.com.br\/news\/wp-json\/wp\/v2\/posts\/18172\/revisions\/18173"}],"wp:attachment":[{"href":"https:\/\/www.corumbaonline.com.br\/news\/wp-json\/wp\/v2\/media?parent=18172"}],"wp:term":[{"taxonomy":"category","embeddable":true,"href":"https:\/\/www.corumbaonline.com.br\/news\/wp-json\/wp\/v2\/categories?post=18172"},{"taxonomy":"post_tag","embeddable":true,"href":"https:\/\/www.corumbaonline.com.br\/news\/wp-json\/wp\/v2\/tags?post=18172"}],"curies":[{"name":"wp","href":"https:\/\/api.w.org\/{rel}","templated":true}]}}