{"id":18201,"date":"2018-06-04T08:17:18","date_gmt":"2018-06-04T12:17:18","guid":{"rendered":"http:\/\/www.corumbaonline.com.br\/news\/?p=18201"},"modified":"2018-06-04T08:44:22","modified_gmt":"2018-06-04T12:44:22","slug":"semana-na-alms-tera-missa-solenidade-audiencia-sessoes-e-reunioes","status":"publish","type":"post","link":"https:\/\/www.corumbaonline.com.br\/news\/semana-na-alms-tera-missa-solenidade-audiencia-sessoes-e-reunioes\/","title":{"rendered":"Semana na ALMS ter\u00e1 missa, solenidade, audi\u00eancia, sess\u00f5es e reuni\u00f5es"},"content":{"rendered":"<p>A Santa Missa abre a agenda da semana de 3 a 9 de junho da Assembleia Legislativa de Mato Grosso do Sul. Proposta pelo deputado Dr. Paulo Siufi (PMDB), a partir das 8h30, na segunda-feira (4), no Plen\u00e1rio Deputado J\u00falio Maia, ser\u00e1 conduzida pelo Padre Valdeci Marcilino, vig\u00e1rio da Par\u00f3quia Senhor do Bonfim e diretor-presidente do Cotolengo-MS, entidade que realiza um trabalho voltado \u00e0\u00a0pessoas com defici\u00eancia que foram abandonados pelas fam\u00edlias ou vivem em situa\u00e7\u00e3o de extrema pobreza. Na celebra\u00e7\u00e3o haver\u00e1 a presen\u00e7a da bandeira do Divino Esp\u00edrito Santo.<\/p>\n<p>\u00c0 tarde, a partir das 14hs, tamb\u00e9m no Plen\u00e1rio, haver\u00e1 a sess\u00e3o ordin\u00e1ria dos deputados estudantes da 6\u00aa edi\u00e7\u00e3o do Projeto Parlamento Jovem, organizada pela Escola do Legislativo Senador Ramez Tebet. No evento haver\u00e1 a palestra de Mara Calvis, representante da Solurb Solu\u00e7\u00f5es Ambientais. A palestrante abordar\u00e1 o tema Meio-Ambiente, que integra o Programa de Educa\u00e7\u00e3o Ambiental Reciclando Nossas Atitudes. Durante a sess\u00e3o, ser\u00e1 realizada a assinatura de um termo de coopera\u00e7\u00e3o m\u00fatuo entre a Casa de Leis e a Solurb.<\/p>\n<p>Na ter\u00e7a-feira (5) o deputado estadual Jo\u00e3o Grand\u00e3o (PT), l\u00edder da bancada do partido na Casa de Leis, convocou uma audi\u00eancia p\u00fablica para debater a \u201cNecessidade de notifica\u00e7\u00e3o compuls\u00f3ria do c\u00e2ncer e a defini\u00e7\u00e3o de prazo para conclus\u00e3o diagn\u00f3stica da doen\u00e7a\u201d. O evento come\u00e7a \u00e0s 15h,\u00a0no Plenarinho Deputado Nelito C\u00e2mara. A parceria da Federa\u00e7\u00e3o Brasileira de Institui\u00e7\u00f5es Filantr\u00f3picas de Apoio \u00e0 Sa\u00fade da Mama e a Associa\u00e7\u00e3o de Combate ao C\u00e2ncer da Grande Dourados enriquecer\u00e1 a discuss\u00e3o que leva em conta que o tempo \u00e9 um fator determinante para que o tratamento oncol\u00f3gico seja efetivo, j\u00e1 que o c\u00e2ncer \u00e9 a segunda maior causa de mortalidade no Brasil.<\/p>\n<p>Na quinta-feira (7), est\u00e1 prevista a realiza\u00e7\u00e3o da Sess\u00e3o Solene para a entrega da Medalha e Diploma de Honra ao M\u00e9rito Legislativo aos pioneiros e participantes dos Clubes de Desbravadores do Mato Grosso do Sul. O evento ser\u00e1 \u00e0s 19h no Plen\u00e1rio Deputado J\u00falio Maia. O deputado Renato C\u00e2mara tamb\u00e9m \u00e9 autor da\u00a0<a href=\"http:\/\/aacpdappls.net.ms.gov.br\/appls\/legislacao\/secoge\/govato.nsf\/448b683bce4ca84704256c0b00651e9d\/99274a0587d069ad042581fd003d2086?OpenDocument\" target=\"_blank\" rel=\"noopener noreferrer\"><ins>Lei 5109, de 20 de dezembro de 2017<\/ins><\/a>, que institui o Dia dos Desbravadores no Estado.<\/p>\n<p>As honrarias ser\u00e3o conferidas aos que prestaram relevantes servi\u00e7os \u00e0 sociedade sul-mato-grossense por meio das a\u00e7\u00f5es dos Clubes de Desbravadores. \u201cO Clube de Desbravadores promove a integra\u00e7\u00e3o de pais e filhos na faixa et\u00e1ria de seis\u00a0a nove\u00a0anos, com atividades na \u00e1rea da educa\u00e7\u00e3o, e as crian\u00e7as entre dez e 15 anos re\u00fanem-se uma vez por semana para desenvolver talentos e habilidades em a\u00e7\u00f5es ao ar livre, entre elas acampamentos, caminhadas, escaladas e explora\u00e7\u00f5es em matas e cavernas. A entidade tamb\u00e9m alerta sobre os males causados pelo uso e abuso das drogas il\u00edcitas\u201d, explicou o deputado Renato C\u00e2mara.<\/p>\n<p>Concluindo a semana, na sexta-feira (8), acontece a Audi\u00eancia P\u00fablica \u201cCursos a\u00a0dist\u00e2ncia na \u00e1rea da Sa\u00fade\u201d, que ser\u00e1 realizada no Plen\u00e1rio Deputado J\u00falio Maia, a partir das 14h30, por proposi\u00e7\u00e3o do deputado estadual Dr. Paulo Siufi (PMDB). O deputado realiza o debate para fazer um alerta \u00e0 sociedade sobre a quest\u00e3o dos cursos realizados a\u00a0dist\u00e2ncia (EAD) n\u00e3o prepararem bem o acad\u00eamico para a \u00e1rea da sa\u00fade, j\u00e1 que \u00e9 necess\u00e1rio vivenciar o processo\u00a0<em>in loco\u00a0<\/em>para adquirir experi\u00eancia e poder realmente atuar neste segmento. \u201cOs estudantes precisam vivenciar na pr\u00e1tica o que aprendem com as teorias ministradas, nos cursos a dist\u00e2ncia isso n\u00e3o \u00e9 poss\u00edvel, defendo esse tipo de ensino para outros cursos, n\u00e3o para a \u00e1rea de sa\u00fade\u201d, enfatizou o proponente.<\/p>\n<p><strong>CCJR<\/strong>\u00a0\u2013 Todas as quartas-feiras a Comiss\u00e3o de Constitui\u00e7\u00e3o, Justi\u00e7a e Reda\u00e7\u00e3o (CCJR) se re\u00fane a partir das 8h, no Plenarinho, para avaliar a constitucionalidade, legalidade, e juridicidade dos projetos que s\u00e3o enviados para a Casa de Leis por outros Poderes ou elaborados pelos parlamentares. Se aprovadas, as propostas s\u00e3o votadas em Plen\u00e1rio e nas Comiss\u00f5es de M\u00e9rito que analisam os diferentes assuntos contidos nos projetos.<\/p>\n<p><strong>Sess\u00f5es<\/strong>\u00a0\u2013\u00a0 \u00c0s ter\u00e7as, quartas e quintas-feiras acontecem\u00a0as sess\u00f5es plen\u00e1rias a partir das 9h, no Plen\u00e1rio. Entre as a\u00e7\u00f5es dos parlamentares, durante as sess\u00f5es plen\u00e1rias, est\u00e3o a vota\u00e7\u00e3o de mat\u00e9rias diversas na Ordem do Dia, tais como os projetos de lei. Todos os eventos da Casa de Leis s\u00e3o abertos ao p\u00fablico e \u00e0 imprensa. A Assembleia Legislativa de Mato Grosso do Sul \u00e9 localizada na Avenida Desembargador Jos\u00e9 Nunes da Cunha, no Jardim Veraneio, Parque dos Poderes, Bloco 9.<\/p>\n","protected":false},"excerpt":{"rendered":"<p>A Santa Missa abre a agenda da semana de 3 a 9 de junho da&#8230;<\/p>\n","protected":false},"author":1,"featured_media":0,"comment_status":"closed","ping_status":"closed","sticky":false,"template":"","format":"standard","meta":{"footnotes":""},"categories":[19],"tags":[],"class_list":["post-18201","post","type-post","status-publish","format-standard","hentry","category-politica"],"_links":{"self":[{"href":"https:\/\/www.corumbaonline.com.br\/news\/wp-json\/wp\/v2\/posts\/18201","targetHints":{"allow":["GET"]}}],"collection":[{"href":"https:\/\/www.corumbaonline.com.br\/news\/wp-json\/wp\/v2\/posts"}],"about":[{"href":"https:\/\/www.corumbaonline.com.br\/news\/wp-json\/wp\/v2\/types\/post"}],"author":[{"embeddable":true,"href":"https:\/\/www.corumbaonline.com.br\/news\/wp-json\/wp\/v2\/users\/1"}],"replies":[{"embeddable":true,"href":"https:\/\/www.corumbaonline.com.br\/news\/wp-json\/wp\/v2\/comments?post=18201"}],"version-history":[{"count":1,"href":"https:\/\/www.corumbaonline.com.br\/news\/wp-json\/wp\/v2\/posts\/18201\/revisions"}],"predecessor-version":[{"id":18202,"href":"https:\/\/www.corumbaonline.com.br\/news\/wp-json\/wp\/v2\/posts\/18201\/revisions\/18202"}],"wp:attachment":[{"href":"https:\/\/www.corumbaonline.com.br\/news\/wp-json\/wp\/v2\/media?parent=18201"}],"wp:term":[{"taxonomy":"category","embeddable":true,"href":"https:\/\/www.corumbaonline.com.br\/news\/wp-json\/wp\/v2\/categories?post=18201"},{"taxonomy":"post_tag","embeddable":true,"href":"https:\/\/www.corumbaonline.com.br\/news\/wp-json\/wp\/v2\/tags?post=18201"}],"curies":[{"name":"wp","href":"https:\/\/api.w.org\/{rel}","templated":true}]}}