{"id":18217,"date":"2018-06-04T09:57:14","date_gmt":"2018-06-04T13:57:14","guid":{"rendered":"http:\/\/www.corumbaonline.com.br\/news\/?p=18217"},"modified":"2018-06-04T10:20:10","modified_gmt":"2018-06-04T14:20:10","slug":"autoridades-avaliam-retomada-do-abastecimento-apos-paralisacao","status":"publish","type":"post","link":"https:\/\/www.corumbaonline.com.br\/news\/autoridades-avaliam-retomada-do-abastecimento-apos-paralisacao\/","title":{"rendered":"Autoridades avaliam retomada do abastecimento ap\u00f3s paralisa\u00e7\u00e3o"},"content":{"rendered":"<p>O Grupo de Acompanhamento da Normaliza\u00e7\u00e3o do Abastecimento\u00a0faz mais uma reuni\u00e3o hoje (4), no Pal\u00e1cio do Planalto. No encontro di\u00e1rio, autoridades avaliam a retomada do abastecimento do pa\u00eds ap\u00f3s a paralisa\u00e7\u00e3o dos caminhoneiros.<\/p>\n<p>Hoje, termina a vig\u00eancia do decreto que autorizou o emprego das For\u00e7as Armadas no contexto da Garantia da Lei e da Ordem (GLO) para liberar as rodovias e reabastecer o pa\u00eds com os produtos retidos nas estradas durante a greve. Ontem (3), o ministro-chefe do Gabinete de Seguran\u00e7a Institucional (GSI) da Presid\u00eancia da Rep\u00fablica, S\u00e9rgio Etchegoyen, disse que o prazo n\u00e3o deve ser prorrogado.<\/p>\n<p>Etchegoyen disse ainda que as not\u00edcias que circulam nas redes sociais sobre convoca\u00e7\u00e3o de nova manifesta\u00e7\u00e3o dos caminhoneiros para hoje n\u00e3o geram preocupa\u00e7\u00f5es alarmantes e est\u00e3o sendo acompanhadas pelo governo.<\/p>\n<p>Ap\u00f3s o fim do movimento dos caminhoneiros, de acordo com balan\u00e7o dos diversos setores afetados, o abastecimento est\u00e1 se normalizando.<\/p>\n<p>Em declara\u00e7\u00e3o na \u00faltima quinta-feira (31), o presidente Michel Temer atribuiu o fim da greve ao di\u00e1logo. Em acordo com representantes da categoria, o governo atendeu \u00e0s reivindica\u00e7\u00f5es, entre elas a redu\u00e7\u00e3o de R$ 0,46 no litro do \u00f3leo diesel pelo prazo de 60 dias e a isen\u00e7\u00e3o da cobran\u00e7a de ped\u00e1gio dos caminh\u00f5es que trafegarem com eixo suspenso em todas as rodovias do pa\u00eds (federais, estaduais e municipais). Na sexta\u00a0 (1\u00ba), o governo publicou portaria que trata da fiscaliza\u00e7\u00e3o para garantir que os postos de combust\u00edveis repassem aos consumidores o desconto no pre\u00e7o do diesel.<\/p>\n","protected":false},"excerpt":{"rendered":"<p>O Grupo de Acompanhamento da Normaliza\u00e7\u00e3o do Abastecimento\u00a0faz mais uma reuni\u00e3o hoje (4), no Pal\u00e1cio&#8230;<\/p>\n","protected":false},"author":1,"featured_media":0,"comment_status":"closed","ping_status":"closed","sticky":false,"template":"","format":"standard","meta":{"footnotes":""},"categories":[19],"tags":[],"class_list":["post-18217","post","type-post","status-publish","format-standard","hentry","category-politica"],"_links":{"self":[{"href":"https:\/\/www.corumbaonline.com.br\/news\/wp-json\/wp\/v2\/posts\/18217","targetHints":{"allow":["GET"]}}],"collection":[{"href":"https:\/\/www.corumbaonline.com.br\/news\/wp-json\/wp\/v2\/posts"}],"about":[{"href":"https:\/\/www.corumbaonline.com.br\/news\/wp-json\/wp\/v2\/types\/post"}],"author":[{"embeddable":true,"href":"https:\/\/www.corumbaonline.com.br\/news\/wp-json\/wp\/v2\/users\/1"}],"replies":[{"embeddable":true,"href":"https:\/\/www.corumbaonline.com.br\/news\/wp-json\/wp\/v2\/comments?post=18217"}],"version-history":[{"count":1,"href":"https:\/\/www.corumbaonline.com.br\/news\/wp-json\/wp\/v2\/posts\/18217\/revisions"}],"predecessor-version":[{"id":18218,"href":"https:\/\/www.corumbaonline.com.br\/news\/wp-json\/wp\/v2\/posts\/18217\/revisions\/18218"}],"wp:attachment":[{"href":"https:\/\/www.corumbaonline.com.br\/news\/wp-json\/wp\/v2\/media?parent=18217"}],"wp:term":[{"taxonomy":"category","embeddable":true,"href":"https:\/\/www.corumbaonline.com.br\/news\/wp-json\/wp\/v2\/categories?post=18217"},{"taxonomy":"post_tag","embeddable":true,"href":"https:\/\/www.corumbaonline.com.br\/news\/wp-json\/wp\/v2\/tags?post=18217"}],"curies":[{"name":"wp","href":"https:\/\/api.w.org\/{rel}","templated":true}]}}