{"id":18234,"date":"2018-06-04T11:37:45","date_gmt":"2018-06-04T15:37:45","guid":{"rendered":"http:\/\/www.corumbaonline.com.br\/news\/?p=18234"},"modified":"2018-06-04T11:57:50","modified_gmt":"2018-06-04T15:57:50","slug":"campanha-de-vacinacao-contra-gripe-vai-ate-15-de-junho","status":"publish","type":"post","link":"https:\/\/www.corumbaonline.com.br\/news\/campanha-de-vacinacao-contra-gripe-vai-ate-15-de-junho\/","title":{"rendered":"Campanha de Vacina\u00e7\u00e3o contra Gripe vai at\u00e9 15 de junho"},"content":{"rendered":"<p>O Minist\u00e9rio da Sa\u00fade prorrogou a Campanha de Vacina\u00e7\u00e3o contra a Influenza at\u00e9 o dia 15 de junho.\u00a0 A campanha estava prevista para encerrar na sexta-feira (1\u00ba de junho), sendo que 100% das doses da vacina (60 milh\u00f5es) j\u00e1 foram distribu\u00eddas aos estados, que est\u00e3o devidamente abastecidos.<\/p>\n<p>&nbsp;<\/p>\n<p>Ap\u00f3s o fim da campanha, caso haja disponibilidade de vacinas nos estados e munic\u00edpios, a vacina\u00e7\u00e3o poder\u00e1 ser ampliada para crian\u00e7as de cinco a nove anos de idade e adultos de 50 a 59 anos. O Minist\u00e9rio da Sa\u00fade refor\u00e7a a import\u00e2ncia dos estados e munic\u00edpios continuarem a vacinar os grupos priorit\u00e1rios, em especial, crian\u00e7as, gestantes, idosos e pessoas com comorbidades, p\u00fablico com maior risco de complica\u00e7\u00f5es para a doen\u00e7a.<\/p>\n<p>&nbsp;<\/p>\n<p>At\u00e9 o momento, ainda faltam 18,8 milh\u00f5es de pessoas a serem vacinadas em todo o pa\u00eds. Balan\u00e7o publicado nesta ter\u00e7a-feira (29), pelo Minist\u00e9rio da Sa\u00fade, mostra que 66% das pessoas que fazem parte do p\u00fablico-alvo, se vacinou. A expectativa \u00e9 vacinar 54,4 milh\u00f5es de pessoas at\u00e9 o dia 15 de junho.<\/p>\n<p>&nbsp;<\/p>\n<p>A escolha dos grupos priorit\u00e1rios segue recomenda\u00e7\u00e3o da\u00a0Organiza\u00e7\u00e3o Mundial da Sa\u00fade (OMS). Essa defini\u00e7\u00e3o tamb\u00e9m \u00e9 respaldada por estudos epidemiol\u00f3gicos e pela observa\u00e7\u00e3o do comportamento das infec\u00e7\u00f5es respirat\u00f3rias, que t\u00eam como principal agente os v\u00edrus da gripe. S\u00e3o priorizados os grupos mais suscet\u00edveis ao agravamento de doen\u00e7as respirat\u00f3rias.<\/p>\n<p>&nbsp;<\/p>\n<p><strong>Em Corumb\u00e1<\/strong><\/p>\n<p>A Prefeitura de Corumb\u00e1 decidiu realizar o segundo Dia D da Campanha de Vacina\u00e7\u00e3o contra Gripe nesta quinta-feira, 31 de maio, feriado nacional. \u00c9 a oportunidade para os pais e respons\u00e1veis por crian\u00e7as de 06 meses a menores de 05 anos levarem seus filhos \u00e0 vacina\u00e7\u00e3o. Todos os demais grupos de risco tamb\u00e9m podem procurar pela vacina contra gripe Influenza nesta quinta-feira.<\/p>\n<p>&nbsp;<\/p>\n<p>No entanto, nem todas as Salas de Vacina estar\u00e3o abertas. Apenas quatro v\u00e3o oferecer a vacina\u00e7\u00e3o e\u00a0<strong>somente pela manh\u00e3, das<\/strong>\u00a0<strong>07h30 \u00e0s 11h30<\/strong>. As Salas de Vacina que v\u00e3o participar do segundo Dia D s\u00e3o:\u00a0<strong>Luiz Fragelli, Padre Ernesto Sassida, L\u00facia Maria e Breno de Medeiros<\/strong>. A UBS Luiz Fragelli fica localizada na avenida Rio Branco, bairro Universit\u00e1rio. A UBS Padre Ernesto est\u00e1 situada na rua Jos\u00e9 Fragelli, no Dom Bosco. J\u00e1 a UBS L\u00facia Maria fica no conjunto Kadw\u00e9us, na rua Cyr\u00edaco de Toledo. A UBS Breno de Medeiros fica no Popular Nova, tamb\u00e9m na rua Cyr\u00edaco de Toledo.<\/p>\n<p>&nbsp;<\/p>\n<p>De segunda-feira, 04 de junho, at\u00e9 o dia 15 de junho, a campanha prossegue nas seguintes Unidades B\u00e1sicas de Sa\u00fade: Beira Rio, Breno de Medeiros I, Breno de Medeiros II, \u00canio Cunha I, Fernando Moutinho I, Fernando Moutinho II, Gast\u00e3o I, Gast\u00e3o II, Humberto Pereira, L\u00facia Maria I, L\u00facia Maria II, Nova Corumb\u00e1, Padre Ernesto Sassida, Pedro Paulo II e Popular Velha. O hor\u00e1rio de funcionamento das salas de vacina \u00e9 das 07h30 \u00e0s 10h30 e das 13h30 \u00e0s 16h30.<\/p>\n","protected":false},"excerpt":{"rendered":"<p>O Minist\u00e9rio da Sa\u00fade prorrogou a Campanha de Vacina\u00e7\u00e3o contra a Influenza at\u00e9 o dia&#8230;<\/p>\n","protected":false},"author":1,"featured_media":18235,"comment_status":"closed","ping_status":"closed","sticky":false,"template":"","format":"standard","meta":{"footnotes":""},"categories":[8,21],"tags":[],"class_list":["post-18234","post","type-post","status-publish","format-standard","has-post-thumbnail","hentry","category-destaque","category-saude"],"_links":{"self":[{"href":"https:\/\/www.corumbaonline.com.br\/news\/wp-json\/wp\/v2\/posts\/18234","targetHints":{"allow":["GET"]}}],"collection":[{"href":"https:\/\/www.corumbaonline.com.br\/news\/wp-json\/wp\/v2\/posts"}],"about":[{"href":"https:\/\/www.corumbaonline.com.br\/news\/wp-json\/wp\/v2\/types\/post"}],"author":[{"embeddable":true,"href":"https:\/\/www.corumbaonline.com.br\/news\/wp-json\/wp\/v2\/users\/1"}],"replies":[{"embeddable":true,"href":"https:\/\/www.corumbaonline.com.br\/news\/wp-json\/wp\/v2\/comments?post=18234"}],"version-history":[{"count":1,"href":"https:\/\/www.corumbaonline.com.br\/news\/wp-json\/wp\/v2\/posts\/18234\/revisions"}],"predecessor-version":[{"id":18236,"href":"https:\/\/www.corumbaonline.com.br\/news\/wp-json\/wp\/v2\/posts\/18234\/revisions\/18236"}],"wp:featuredmedia":[{"embeddable":true,"href":"https:\/\/www.corumbaonline.com.br\/news\/wp-json\/wp\/v2\/media\/18235"}],"wp:attachment":[{"href":"https:\/\/www.corumbaonline.com.br\/news\/wp-json\/wp\/v2\/media?parent=18234"}],"wp:term":[{"taxonomy":"category","embeddable":true,"href":"https:\/\/www.corumbaonline.com.br\/news\/wp-json\/wp\/v2\/categories?post=18234"},{"taxonomy":"post_tag","embeddable":true,"href":"https:\/\/www.corumbaonline.com.br\/news\/wp-json\/wp\/v2\/tags?post=18234"}],"curies":[{"name":"wp","href":"https:\/\/api.w.org\/{rel}","templated":true}]}}