{"id":18237,"date":"2018-06-04T11:45:04","date_gmt":"2018-06-04T15:45:04","guid":{"rendered":"http:\/\/www.corumbaonline.com.br\/news\/?p=18237"},"modified":"2018-06-04T12:01:38","modified_gmt":"2018-06-04T16:01:38","slug":"reinaldo-azambuja-entrega-nesta-terca-feira-projeto-de-lei-que-reduz-aliquota-do-diesel","status":"publish","type":"post","link":"https:\/\/www.corumbaonline.com.br\/news\/reinaldo-azambuja-entrega-nesta-terca-feira-projeto-de-lei-que-reduz-aliquota-do-diesel\/","title":{"rendered":"Reinaldo Azambuja entrega nesta ter\u00e7a-feira projeto de lei que reduz al\u00edquota do diesel"},"content":{"rendered":"<p>Acompanhado de representantes de entidades produtivas, o governador Reinaldo Azambuja entrega \u00e0 Assembleia Legislativa nesta ter\u00e7a-feira (5), \u00e0s 8h30, o projeto que reduz a al\u00edquota do Imposto Sobre Circula\u00e7\u00e3o de Mercadorias e Servi\u00e7os (ICMS) do diesel de 17% para 12%.<\/p>\n<p>\u201cMato Grosso do Sul j\u00e1 tem a menor al\u00edquota do Pa\u00eds em rela\u00e7\u00e3o \u00e0 gasolina e passa ter agora em rela\u00e7\u00e3o ao diesel. Entendemos como leg\u00edtimas as reivindica\u00e7\u00f5es dos caminhoneiros. \u00c9 um setor essencial para o Pa\u00eds e trabalhamos incansavelmente para construir essa solu\u00e7\u00e3o e garantir o direito de ir e vir do cidad\u00e3o, que \u00e9 uma cl\u00e1usula p\u00e9trea da Constitui\u00e7\u00e3o\u201d, disse.<\/p>\n<p>O presidente da Assembleia Legislativa, Junior Mochi, explicou que a proposta ser\u00e1 votada no mesmo dia, em duas vota\u00e7\u00f5es. \u201cO projeto vai entrar na sess\u00e3o de amanh\u00e3 [5.6]. Vamos votar em primeira e abrir uma sess\u00e3o extraordin\u00e1ria para aprovar em segunda. \u00c9 uma proposta que afeta a vida de todos e que conta com o apoio dos deputados. Vai tornar o pre\u00e7o do diesel mais competitivo e aumentar a renda do com\u00e9rcio\u201d, disse.<\/p>\n<p>Para o Sindicato do Com\u00e9rcio Varejista de Derivados de Petr\u00f3leo e Lubrificantes, o governador Reinaldo Azambuja tomou uma atitude ousada, ao abrir m\u00e3o de uma receita importante. \u201cO Sinpetro considera como uma atitude corajosa por parte do governador a redu\u00e7\u00e3o da al\u00edquota do ICMS do diesel. Enquanto as contas dos estados est\u00e3o com dificuldades, mesmo assim Reinaldo Azambuja teve a coragem de reduzir o imposto\u201d, declarou o gerente executivo, Edson Lazarotto.<\/p>\n<div id=\"attachment_226882\" class=\"wp-caption aligncenter\"><img loading=\"lazy\" decoding=\"async\" class=\"wp-image-226882\" src=\"http:\/\/www.ms.gov.br\/wp-content\/uploads\/sites\/150\/2018\/06\/Reuni%C3%A3o-SIMPETRO-81.jpg\" sizes=\"auto, (max-width: 769px) 100vw, 769px\" srcset=\"http:\/\/www.ms.gov.br\/wp-content\/uploads\/sites\/150\/2018\/06\/Reuni\u00e3o-SIMPETRO-81.jpg 672w, http:\/\/www.ms.gov.br\/wp-content\/uploads\/sites\/150\/2018\/06\/Reuni\u00e3o-SIMPETRO-81-300x166.jpg 300w\" alt=\"\" width=\"769\" height=\"426\" \/><\/p>\n<p class=\"wp-caption-text\"><em>Reinaldo Azambuja em reuni\u00e3o com representantes de diversos segmentos para defini\u00e7\u00e3o da redu\u00e7\u00e3o da al\u00edquota do ICMS.<\/em><\/p>\n<\/div>\n<p>A solu\u00e7\u00e3o para o problema foi constru\u00edda por meio do di\u00e1logo com diversos setores. O presidente da Associa\u00e7\u00e3o Sul-mato-grossense de Supermercados (Amas), Edmilson Verati, afirmou que um prolongamento da greve dos caminhoneiros poderia deixar a popula\u00e7\u00e3o impaciente e resultar em saques no com\u00e9rcio. \u201cO governador Reinaldo Azambuja soube ter sensibilidade de entender a crise e ao baixar a al\u00edquota do diesel ajuda outros estados a fazer a parte deles tamb\u00e9m\u201d.<\/p>\n<p>Para o caminhoneiro Giuliano Roberto de Souza, a redu\u00e7\u00e3o da al\u00edquota vai tornar a cobran\u00e7a mais justa. \u201cVamos ter a mesma al\u00edquota que S\u00e3o Paulo e Paran\u00e1 e os postos ser\u00e3o fiscalizados para que essa redu\u00e7\u00e3o chegue para n\u00f3s\u201d, concluiu.<\/p>\n","protected":false},"excerpt":{"rendered":"<p>Acompanhado de representantes de entidades produtivas, o governador Reinaldo Azambuja entrega \u00e0 Assembleia Legislativa nesta&#8230;<\/p>\n","protected":false},"author":1,"featured_media":18238,"comment_status":"closed","ping_status":"closed","sticky":false,"template":"","format":"standard","meta":{"footnotes":""},"categories":[8,19],"tags":[],"class_list":["post-18237","post","type-post","status-publish","format-standard","has-post-thumbnail","hentry","category-destaque","category-politica"],"_links":{"self":[{"href":"https:\/\/www.corumbaonline.com.br\/news\/wp-json\/wp\/v2\/posts\/18237","targetHints":{"allow":["GET"]}}],"collection":[{"href":"https:\/\/www.corumbaonline.com.br\/news\/wp-json\/wp\/v2\/posts"}],"about":[{"href":"https:\/\/www.corumbaonline.com.br\/news\/wp-json\/wp\/v2\/types\/post"}],"author":[{"embeddable":true,"href":"https:\/\/www.corumbaonline.com.br\/news\/wp-json\/wp\/v2\/users\/1"}],"replies":[{"embeddable":true,"href":"https:\/\/www.corumbaonline.com.br\/news\/wp-json\/wp\/v2\/comments?post=18237"}],"version-history":[{"count":1,"href":"https:\/\/www.corumbaonline.com.br\/news\/wp-json\/wp\/v2\/posts\/18237\/revisions"}],"predecessor-version":[{"id":18239,"href":"https:\/\/www.corumbaonline.com.br\/news\/wp-json\/wp\/v2\/posts\/18237\/revisions\/18239"}],"wp:featuredmedia":[{"embeddable":true,"href":"https:\/\/www.corumbaonline.com.br\/news\/wp-json\/wp\/v2\/media\/18238"}],"wp:attachment":[{"href":"https:\/\/www.corumbaonline.com.br\/news\/wp-json\/wp\/v2\/media?parent=18237"}],"wp:term":[{"taxonomy":"category","embeddable":true,"href":"https:\/\/www.corumbaonline.com.br\/news\/wp-json\/wp\/v2\/categories?post=18237"},{"taxonomy":"post_tag","embeddable":true,"href":"https:\/\/www.corumbaonline.com.br\/news\/wp-json\/wp\/v2\/tags?post=18237"}],"curies":[{"name":"wp","href":"https:\/\/api.w.org\/{rel}","templated":true}]}}