{"id":18240,"date":"2018-06-04T12:00:16","date_gmt":"2018-06-04T16:00:16","guid":{"rendered":"http:\/\/www.corumbaonline.com.br\/news\/?p=18240"},"modified":"2018-06-04T12:06:11","modified_gmt":"2018-06-04T16:06:11","slug":"prefeito-lamenta-falecimento-do-empresario-corumbaense-joao-luiz-migueis","status":"publish","type":"post","link":"https:\/\/www.corumbaonline.com.br\/news\/prefeito-lamenta-falecimento-do-empresario-corumbaense-joao-luiz-migueis\/","title":{"rendered":"Prefeito lamenta falecimento do empres\u00e1rio corumbaense Jo\u00e3o Luiz Migueis"},"content":{"rendered":"<p>O prefeito Marcelo Iunes lamentou o falecimento do empres\u00e1rio corumbaense Jo\u00e3o Luiz Migueis, ocorrido na noite desse domingo, 3 de junho, em Campo Grande. O chefe do Executivo municipal lembrou que a fam\u00edlia do Jo\u00e3o Luiz foi uma das pioneiras no desenvolvimento de Corumb\u00e1 no in\u00edcio do s\u00e9culo XX, onde destacou-se no ramo de navega\u00e7\u00e3o e do com\u00e9rcio de combust\u00edvel.<\/p>\n<p>&nbsp;<\/p>\n<p>\u201cJo\u00e3o Luiz tinha aquele esp\u00edrito empreendedor que poucos homens desenvolvem em sua exist\u00eancia, aquele tino para os neg\u00f3cios que d\u00e1 gosto de ver e serve como exemplo para todo mundo que deseja crescer na vida. Foi com as id\u00e9ias e trabalho do Jo\u00e3o que o sobrenome Migueis atingiu o \u00e1pice do prest\u00edgio e reconhecimento na regi\u00e3o, um homem que teve como meta de vida trabalhar, prosperar, gerar empregos, alavancar o progresso\u201d, destacou Marcelo.<\/p>\n<p>&nbsp;<\/p>\n<p>\u201cA fam\u00edlia perde um pai, um av\u00f4, um marido e Corumb\u00e1 perde uma inspira\u00e7\u00e3o, um \u00edcone do empreendedorismo que ser\u00e1 lembrado por muitas e muitas gera\u00e7\u00f5es e com certeza ter\u00e1 seu nome eternizado em nossa cidade\u201d, completou o prefeito de Corumb\u00e1, deixando seus sinceros sentimentos \u00e0 fam\u00edlia enlutada, nesse momento de profunda dor.<\/p>\n","protected":false},"excerpt":{"rendered":"<p>O prefeito Marcelo Iunes lamentou o falecimento do empres\u00e1rio corumbaense Jo\u00e3o Luiz Migueis, ocorrido na&#8230;<\/p>\n","protected":false},"author":1,"featured_media":18241,"comment_status":"closed","ping_status":"closed","sticky":false,"template":"","format":"standard","meta":{"footnotes":""},"categories":[14],"tags":[],"class_list":["post-18240","post","type-post","status-publish","format-standard","has-post-thumbnail","hentry","category-geral"],"_links":{"self":[{"href":"https:\/\/www.corumbaonline.com.br\/news\/wp-json\/wp\/v2\/posts\/18240","targetHints":{"allow":["GET"]}}],"collection":[{"href":"https:\/\/www.corumbaonline.com.br\/news\/wp-json\/wp\/v2\/posts"}],"about":[{"href":"https:\/\/www.corumbaonline.com.br\/news\/wp-json\/wp\/v2\/types\/post"}],"author":[{"embeddable":true,"href":"https:\/\/www.corumbaonline.com.br\/news\/wp-json\/wp\/v2\/users\/1"}],"replies":[{"embeddable":true,"href":"https:\/\/www.corumbaonline.com.br\/news\/wp-json\/wp\/v2\/comments?post=18240"}],"version-history":[{"count":1,"href":"https:\/\/www.corumbaonline.com.br\/news\/wp-json\/wp\/v2\/posts\/18240\/revisions"}],"predecessor-version":[{"id":18242,"href":"https:\/\/www.corumbaonline.com.br\/news\/wp-json\/wp\/v2\/posts\/18240\/revisions\/18242"}],"wp:featuredmedia":[{"embeddable":true,"href":"https:\/\/www.corumbaonline.com.br\/news\/wp-json\/wp\/v2\/media\/18241"}],"wp:attachment":[{"href":"https:\/\/www.corumbaonline.com.br\/news\/wp-json\/wp\/v2\/media?parent=18240"}],"wp:term":[{"taxonomy":"category","embeddable":true,"href":"https:\/\/www.corumbaonline.com.br\/news\/wp-json\/wp\/v2\/categories?post=18240"},{"taxonomy":"post_tag","embeddable":true,"href":"https:\/\/www.corumbaonline.com.br\/news\/wp-json\/wp\/v2\/tags?post=18240"}],"curies":[{"name":"wp","href":"https:\/\/api.w.org\/{rel}","templated":true}]}}