{"id":18277,"date":"2018-06-05T09:14:04","date_gmt":"2018-06-05T13:14:04","guid":{"rendered":"http:\/\/www.corumbaonline.com.br\/news\/?p=18277"},"modified":"2018-06-05T09:12:32","modified_gmt":"2018-06-05T13:12:32","slug":"ans-abre-consulta-publica-sobre-boas-praticas-em-atencao-a-saude","status":"publish","type":"post","link":"https:\/\/www.corumbaonline.com.br\/news\/ans-abre-consulta-publica-sobre-boas-praticas-em-atencao-a-saude\/","title":{"rendered":"ANS abre consulta p\u00fablica sobre boas pr\u00e1ticas em aten\u00e7\u00e3o \u00e0 sa\u00fade"},"content":{"rendered":"<p>A Ag\u00eancia Nacional de Sa\u00fade Suplementar (ANS) abre hoje (5)\u00a0<a href=\"http:\/\/www.ans.gov.br\/participacao-da-sociedade\/consultas-e-participacoes-publicas\/cp-66\" target=\"_blank\" rel=\"noopener noreferrer\">consulta p\u00fablica<\/a>\u00a0sobre o Programa de Certifica\u00e7\u00e3o de Boas Pr\u00e1ticas em Aten\u00e7\u00e3o \u00e0 Sa\u00fade. A proposta \u00e9 reunir informa\u00e7\u00f5es, sugest\u00f5es e cr\u00edticas relativas \u00e0 resolu\u00e7\u00e3o normativa que institui o programa. As contribui\u00e7\u00f5es podem ser feitas at\u00e9 4 de julho, utilizando formul\u00e1rio disponibilizado no\u00a0<em>site<\/em>\u00a0da ag\u00eancia.<\/p>\n<p>O Programa de Certifica\u00e7\u00e3o de Boas Pr\u00e1ticas em Aten\u00e7\u00e3o \u00e0 Sa\u00fade, de acordo com a ANS, busca induzir melhorias no setor de sa\u00fade suplementar por meio da certifica\u00e7\u00e3o de operadoras que desenvolverem projetos relacionados \u00e0 melhoria do acesso \u00e0 rede de prestadores, \u00e0 qualidade da aten\u00e7\u00e3o \u00e0 sa\u00fade e \u00e0 experi\u00eancia dos benefici\u00e1rios de planos de sa\u00fade.<\/p>\n<p>Uma das iniciativas do programa \u00e9 o Projeto de Aten\u00e7\u00e3o Prim\u00e1ria \u00e0 Sa\u00fade, que prev\u00ea a concess\u00e3o, por interm\u00e9dio de entidades acreditadoras independentes, de um selo de qualidade \u00e0s operadoras que cumprirem requisitos preestabelecidos. O objetivo, segundo a ANS, \u00e9 estimular a qualifica\u00e7\u00e3o, o fortalecimento e a reorganiza\u00e7\u00e3o da aten\u00e7\u00e3o b\u00e1sica.<\/p>\n<p>O projeto prop\u00f5e tamb\u00e9m o estimulo \u00e0 implementa\u00e7\u00e3o de modelos inovadores de remunera\u00e7\u00e3o de prestadores no setor e a implementa\u00e7\u00e3o de indicadores de aten\u00e7\u00e3o para monitoramento dos cuidados prim\u00e1rios na sa\u00fade suplementar.<\/p>\n<p>A ag\u00eancia informou ainda que est\u00e1 sendo discutida uma parceria com o Banco Nacional de Desenvolvimento Setorial (BNDES) para fomentar a implementa\u00e7\u00e3o de projetos em aten\u00e7\u00e3o prim\u00e1ria \u00e0 sa\u00fade nas operadoras.<\/p>\n<p><strong>Planos suspensos<\/strong><\/p>\n<p>A ANS determinou a suspens\u00e3o tempor\u00e1ria da comercializa\u00e7\u00e3o de 31 planos de sa\u00fade de 12 operadoras em fun\u00e7\u00e3o de reclama\u00e7\u00f5es relacionadas \u00e0 cobertura assistencial. A medida come\u00e7a a valer na pr\u00f3xima sexta-feira (8).<\/p>\n<p>Segundo a entidade, a suspens\u00e3o deve causar impacto direto em 115,9 mil benefici\u00e1rios, que continuam a ter a assist\u00eancia regular a que t\u00eam direito. J\u00e1 as operadoras suspensas s\u00f3 poder\u00e3o voltar a vender esses planos para novos contratantes se comprovarem melhoria no atendimento.<\/p>\n<p>No trimestre compreendido entre janeiro e mar\u00e7o de 2018, a ANS recebeu 15.655 reclama\u00e7\u00f5es de natureza assistencial, por meio de seus canais de atendimento. Dessas, 13.999 foram consideradas para an\u00e1lise pelo Programa de Monitoramento.<\/p>\n","protected":false},"excerpt":{"rendered":"<p>A Ag\u00eancia Nacional de Sa\u00fade Suplementar (ANS) abre hoje (5)\u00a0consulta p\u00fablica\u00a0sobre o Programa de Certifica\u00e7\u00e3o&#8230;<\/p>\n","protected":false},"author":1,"featured_media":0,"comment_status":"closed","ping_status":"closed","sticky":false,"template":"","format":"standard","meta":{"footnotes":""},"categories":[21],"tags":[],"class_list":["post-18277","post","type-post","status-publish","format-standard","hentry","category-saude"],"_links":{"self":[{"href":"https:\/\/www.corumbaonline.com.br\/news\/wp-json\/wp\/v2\/posts\/18277","targetHints":{"allow":["GET"]}}],"collection":[{"href":"https:\/\/www.corumbaonline.com.br\/news\/wp-json\/wp\/v2\/posts"}],"about":[{"href":"https:\/\/www.corumbaonline.com.br\/news\/wp-json\/wp\/v2\/types\/post"}],"author":[{"embeddable":true,"href":"https:\/\/www.corumbaonline.com.br\/news\/wp-json\/wp\/v2\/users\/1"}],"replies":[{"embeddable":true,"href":"https:\/\/www.corumbaonline.com.br\/news\/wp-json\/wp\/v2\/comments?post=18277"}],"version-history":[{"count":1,"href":"https:\/\/www.corumbaonline.com.br\/news\/wp-json\/wp\/v2\/posts\/18277\/revisions"}],"predecessor-version":[{"id":18278,"href":"https:\/\/www.corumbaonline.com.br\/news\/wp-json\/wp\/v2\/posts\/18277\/revisions\/18278"}],"wp:attachment":[{"href":"https:\/\/www.corumbaonline.com.br\/news\/wp-json\/wp\/v2\/media?parent=18277"}],"wp:term":[{"taxonomy":"category","embeddable":true,"href":"https:\/\/www.corumbaonline.com.br\/news\/wp-json\/wp\/v2\/categories?post=18277"},{"taxonomy":"post_tag","embeddable":true,"href":"https:\/\/www.corumbaonline.com.br\/news\/wp-json\/wp\/v2\/tags?post=18277"}],"curies":[{"name":"wp","href":"https:\/\/api.w.org\/{rel}","templated":true}]}}