{"id":18295,"date":"2018-06-05T14:00:48","date_gmt":"2018-06-05T18:00:48","guid":{"rendered":"http:\/\/www.corumbaonline.com.br\/news\/?p=18295"},"modified":"2018-06-05T14:24:54","modified_gmt":"2018-06-05T18:24:54","slug":"alms-nomeacao-do-procurador-geral-de-justica-pode-ter-procedimento-alterado-em-ms","status":"publish","type":"post","link":"https:\/\/www.corumbaonline.com.br\/news\/alms-nomeacao-do-procurador-geral-de-justica-pode-ter-procedimento-alterado-em-ms\/","title":{"rendered":"ALMS: Nomea\u00e7\u00e3o do Procurador-Geral de Justi\u00e7a pode ter procedimento alterado em MS"},"content":{"rendered":"<div class=\"col-lg-10 col-lg-offset-1\">\n<div class=\"texto_noticias text-justify\">\n<p>A Procuradoria-Geral de Justi\u00e7a de Mato Grosso do Sul encaminhou o Projeto de Lei Complementar (PLC)\u00a06\/2018 ao Poder Legislativo nesta ter\u00e7a-feira (05). A proposta visa \u00e0 altera\u00e7\u00e3o da Lei Org\u00e2nica do Minist\u00e9rio P\u00fablico do Estado (Lei Complementar n\u00ba 72\/1994).<\/p>\n<p>De acordo com o texto encaminhado, o artigo 6\u00ba da Lei, que regulamenta a nomea\u00e7\u00e3o do Procurador-Geral de Justi\u00e7a,\u00a0pode ser revisado, passando a sua indica\u00e7\u00e3o a ser feita em lista tr\u00edplice composta por membros ativos do Minist\u00e9rio P\u00fablico com mais de 10 anos de carreira e 35 anos de idade escolhidos por vota\u00e7\u00e3o entre os membros da carreira em efetivo exerc\u00edcio.<\/p>\n<p>O texto ainda visa assegura um mandato de dois anos ao Procurador escolhido pelo governador do Estado, sendo permitida uma recondu\u00e7\u00e3o, a qual\u00a0deve seguir o mesmo procedimento realizado anteriormente.<\/p>\n<\/div>\n<\/div>\n<div class=\"col-lg-10 col-lg-offset-1\"><\/div>\n","protected":false},"excerpt":{"rendered":"<p>A Procuradoria-Geral de Justi\u00e7a de Mato Grosso do Sul encaminhou o Projeto de Lei Complementar&#8230;<\/p>\n","protected":false},"author":1,"featured_media":0,"comment_status":"closed","ping_status":"closed","sticky":false,"template":"","format":"standard","meta":{"footnotes":""},"categories":[19],"tags":[],"class_list":["post-18295","post","type-post","status-publish","format-standard","hentry","category-politica"],"_links":{"self":[{"href":"https:\/\/www.corumbaonline.com.br\/news\/wp-json\/wp\/v2\/posts\/18295","targetHints":{"allow":["GET"]}}],"collection":[{"href":"https:\/\/www.corumbaonline.com.br\/news\/wp-json\/wp\/v2\/posts"}],"about":[{"href":"https:\/\/www.corumbaonline.com.br\/news\/wp-json\/wp\/v2\/types\/post"}],"author":[{"embeddable":true,"href":"https:\/\/www.corumbaonline.com.br\/news\/wp-json\/wp\/v2\/users\/1"}],"replies":[{"embeddable":true,"href":"https:\/\/www.corumbaonline.com.br\/news\/wp-json\/wp\/v2\/comments?post=18295"}],"version-history":[{"count":1,"href":"https:\/\/www.corumbaonline.com.br\/news\/wp-json\/wp\/v2\/posts\/18295\/revisions"}],"predecessor-version":[{"id":18296,"href":"https:\/\/www.corumbaonline.com.br\/news\/wp-json\/wp\/v2\/posts\/18295\/revisions\/18296"}],"wp:attachment":[{"href":"https:\/\/www.corumbaonline.com.br\/news\/wp-json\/wp\/v2\/media?parent=18295"}],"wp:term":[{"taxonomy":"category","embeddable":true,"href":"https:\/\/www.corumbaonline.com.br\/news\/wp-json\/wp\/v2\/categories?post=18295"},{"taxonomy":"post_tag","embeddable":true,"href":"https:\/\/www.corumbaonline.com.br\/news\/wp-json\/wp\/v2\/tags?post=18295"}],"curies":[{"name":"wp","href":"https:\/\/api.w.org\/{rel}","templated":true}]}}