{"id":18300,"date":"2018-06-05T14:15:46","date_gmt":"2018-06-05T18:15:46","guid":{"rendered":"http:\/\/www.corumbaonline.com.br\/news\/?p=18300"},"modified":"2018-06-05T14:27:20","modified_gmt":"2018-06-05T18:27:20","slug":"ifms-convoca-candidatos-para-cursos-tecnicos-integrados-em-campo-grande-e-corumba","status":"publish","type":"post","link":"https:\/\/www.corumbaonline.com.br\/news\/ifms-convoca-candidatos-para-cursos-tecnicos-integrados-em-campo-grande-e-corumba\/","title":{"rendered":"IFMS convoca candidatos para cursos t\u00e9cnicos integrados em Campo Grande e Corumb\u00e1"},"content":{"rendered":"<p>O Instituto Federal de Mato Grosso do Sul (IFMS) publicou a lista dos candidatos convocados em primeira chamada para matr\u00edcula e a lista de espera do Exame de Sele\u00e7\u00e3o 2018, nos campi Campo Grande e Corumb\u00e1, para ingresso no segundo semestre. O edital n\u00ba 066.22\/2018 est\u00e1 dispon\u00edvel na Central de Sele\u00e7\u00e3o, no endere\u00e7o\u00a0<a href=\"http:\/\/www.ifms.edu.br\/centraldeselecao\">www.ifms.edu.br\/centraldeselecao<\/a>.<\/p>\n<p>Foram convocados candidatos para os cursos t\u00e9cnicos integrados em Eletrot\u00e9cnica, Inform\u00e1tica e Mec\u00e2nica, em Campo Grande, e Inform\u00e1tica e Metalurgia, em Corumb\u00e1. A matr\u00edcula dever\u00e1 ser feita entre 6 e 8 de junho, quarta a sexta-feira, na Central de Relacionamento (Cerel) dos campi.<\/p>\n<p>O candidato, ou seu respons\u00e1vel legal caso seja menor de idade, dever\u00e1 apresentar o requerimento de matr\u00edcula preenchido e assinado, uma foto 3&#215;4 recente impressa em papel fotogr\u00e1fico e o comprovante de preenchimento do question\u00e1rio socioecon\u00f4mico.<\/p>\n<p>Tamb\u00e9m \u00e9 preciso apresentar os originais e c\u00f3pias do hist\u00f3rico escolar do ensino fundamental, certid\u00e3o de nascimento ou casamento, documento de identifica\u00e7\u00e3o com foto, CPF, e documentos que comprovem estar em dia com obriga\u00e7\u00f5es eleitorais (maiores de idade) e militares (homens maiores de idade).<\/p>\n<p>Benefici\u00e1rios de a\u00e7\u00e3o afirmativa dever\u00e3o comprovar que estudaram o ensino fundamental em escola p\u00fablica por meio do hist\u00f3rico escolar. Os inscritos com renda de at\u00e9 um sal\u00e1rio m\u00ednimo e meio precisam portar os documentos para comprova\u00e7\u00e3o da renda, conforme o anexo V do edital do processo seletivo. Os portadores de defici\u00eancia devem, junto com o laudo m\u00e9dico, apresentar o formul\u00e1rio de entrega (anexo VIII).<\/p>\n<p><strong>Chamadas\u00a0<\/strong>\u2013 Conforme previsto no edital de abertura do Exame de Sele\u00e7\u00e3o, as listas remanescentes de candidatos aprovados para o primeiro semestre de 2018, poder\u00e3o ser aproveitadas para o preenchimento de vagas ofertadas para o mesmo curso\/campus em que o candidato se inscreveu, no segundo semestre.<\/p>\n<p>O candidato convocado no primeiro semestre, que n\u00e3o compareceu para realizar a matr\u00edcula, ser\u00e1 alocado no final da lista de espera, ap\u00f3s os candidatos de ampla concorr\u00eancia.<\/p>\n<p>O in\u00edcio das aulas est\u00e1 previsto para o dia 26 de julho.<\/p>\n<p><strong>Exame de Sele\u00e7\u00e3o 2018<\/strong>\u00a0\u2013 Foram ofertadas 1.390 vagas para os cursos t\u00e9cnicos integrados de Agricultura, Agropecu\u00e1ria, Alimentos, Edifica\u00e7\u00f5es, Eletrot\u00e9cnica, Inform\u00e1tica, Inform\u00e1tica para Internet, Mec\u00e2nica e Metalurgia nos dez campi do IFMS.<\/p>\n<p>A prova, que reuniu 3,4 mil candidatos, foi aplicada em novembro do ano passado nos munic\u00edpios de Aquidauana, Campo Grande, Corumb\u00e1, Coxim, Dourados, Jardim, Navira\u00ed, Nova Andradina, Ponta Por\u00e3 e Tr\u00eas Lagoas.<\/p>\n<p><strong>Endere\u00e7os e hor\u00e1rios de matr\u00edcula<\/strong><\/p>\n<table width=\"100%\">\n<tbody>\n<tr>\n<td><strong>Campus<\/strong><\/td>\n<td><strong>Endere\u00e7o<\/strong><\/td>\n<td><strong>Hor\u00e1rios<\/strong><\/td>\n<\/tr>\n<tr>\n<td>Campo Grande<\/td>\n<td>Rua Taquari, 831, Bairro Santo Ant\u00f4nio<\/td>\n<td>09h \u00e0s 11h<\/p>\n<p>14h \u00e0s 16h<\/p>\n<p>18h \u00e0s 20h<\/td>\n<\/tr>\n<tr>\n<td>Corumb\u00e1<\/td>\n<td>Rua Pedro de Medeiros, s\/n\u00ba,\u00a0 Bairro Popular Velha<\/td>\n<td>08h \u00e0s 11h<\/p>\n<p>14h \u00e0s 17h<\/p>\n<p>19h \u00e0s 21h<\/td>\n<\/tr>\n<\/tbody>\n<\/table>\n","protected":false},"excerpt":{"rendered":"<p>O Instituto Federal de Mato Grosso do Sul (IFMS) publicou a lista dos candidatos convocados&#8230;<\/p>\n","protected":false},"author":1,"featured_media":0,"comment_status":"closed","ping_status":"closed","sticky":false,"template":"","format":"standard","meta":{"footnotes":""},"categories":[10],"tags":[],"class_list":["post-18300","post","type-post","status-publish","format-standard","hentry","category-educacao"],"_links":{"self":[{"href":"https:\/\/www.corumbaonline.com.br\/news\/wp-json\/wp\/v2\/posts\/18300","targetHints":{"allow":["GET"]}}],"collection":[{"href":"https:\/\/www.corumbaonline.com.br\/news\/wp-json\/wp\/v2\/posts"}],"about":[{"href":"https:\/\/www.corumbaonline.com.br\/news\/wp-json\/wp\/v2\/types\/post"}],"author":[{"embeddable":true,"href":"https:\/\/www.corumbaonline.com.br\/news\/wp-json\/wp\/v2\/users\/1"}],"replies":[{"embeddable":true,"href":"https:\/\/www.corumbaonline.com.br\/news\/wp-json\/wp\/v2\/comments?post=18300"}],"version-history":[{"count":1,"href":"https:\/\/www.corumbaonline.com.br\/news\/wp-json\/wp\/v2\/posts\/18300\/revisions"}],"predecessor-version":[{"id":18301,"href":"https:\/\/www.corumbaonline.com.br\/news\/wp-json\/wp\/v2\/posts\/18300\/revisions\/18301"}],"wp:attachment":[{"href":"https:\/\/www.corumbaonline.com.br\/news\/wp-json\/wp\/v2\/media?parent=18300"}],"wp:term":[{"taxonomy":"category","embeddable":true,"href":"https:\/\/www.corumbaonline.com.br\/news\/wp-json\/wp\/v2\/categories?post=18300"},{"taxonomy":"post_tag","embeddable":true,"href":"https:\/\/www.corumbaonline.com.br\/news\/wp-json\/wp\/v2\/tags?post=18300"}],"curies":[{"name":"wp","href":"https:\/\/api.w.org\/{rel}","templated":true}]}}