{"id":18302,"date":"2018-06-05T15:00:35","date_gmt":"2018-06-05T19:00:35","guid":{"rendered":"http:\/\/www.corumbaonline.com.br\/news\/?p=18302"},"modified":"2018-06-05T16:11:51","modified_gmt":"2018-06-05T20:11:51","slug":"sisu-oferece-57-mil-vagas-inscricoes-comecam-dia-12-de-junho","status":"publish","type":"post","link":"https:\/\/www.corumbaonline.com.br\/news\/sisu-oferece-57-mil-vagas-inscricoes-comecam-dia-12-de-junho\/","title":{"rendered":"Sisu oferece 57 mil vagas; inscri\u00e7\u00f5es come\u00e7am dia 12 de junho"},"content":{"rendered":"<p>O\u00a0Sistema de Sele\u00e7\u00e3o Unificada (Sisu) vai ofertar\u00a057.271 vagas em 68 institui\u00e7\u00f5es p\u00fablicas de ensino superior, segundo o Minist\u00e9rio da Educa\u00e7\u00e3o (MEC). As inscri\u00e7\u00f5es poder\u00e3o ser feitas do dia\u00a012 ao\u00a0dia\u00a015 de junho.\u00a0\u00a0O edital com todo o cronograma do programa\u00a0<a href=\"http:\/\/portal.mec.gov.br\/index.php?option=com_docman&amp;view=download&amp;alias=88471-5-6-18-pdf-diario-oficial-sisu2018&amp;category_slug=junho-2018-pdf&amp;Itemid=30192\" target=\"_blank\" rel=\"noopener noreferrer\">foi publicado\u00a0hoje<\/a>\u00a0(5), no\u00a0Di\u00e1rio Oficial da Uni\u00e3o.<\/p>\n<p>Pode concorrer \u00e0s vagas quem fez o Exame Nacional do Ensino M\u00e9dio (Enem) em 2017 e obteve nota acima de zero em reda\u00e7\u00e3o. Todo o processo de inscri\u00e7\u00e3o \u00e9 feito exclusivamente pela internet,\u00a0<a href=\"http:\/\/sisu.mec.gov.br\/\" target=\"_blank\" rel=\"noopener noreferrer\">na p\u00e1gina do Sisu<\/a>.<\/p>\n<p>Ao ingressar no sistema, o candidato dever\u00e1 escolher, por ordem de prefer\u00eancia, at\u00e9 duas op\u00e7\u00f5es de curso entre as vagas ofertadas. \u00c9 poss\u00edvel alterar essas op\u00e7\u00f5es durante todo o per\u00edodo de inscri\u00e7\u00e3o. A \u00faltima modifica\u00e7\u00e3o confirmada \u00e9 a considerada v\u00e1lida.<\/p>\n<p>As vagas ser\u00e3o ofertadas em oito institui\u00e7\u00f5es p\u00fablicas estaduais, uma faculdade p\u00fablica municipal e 59 institui\u00e7\u00f5es p\u00fablicas federais, com dois centros de educa\u00e7\u00e3o tecnol\u00f3gica, 27 institutos federais de educa\u00e7\u00e3o, ci\u00eancia e tecnologia e 30 universidades.<\/p>\n<p>O resultado da chamada regular est\u00e1 previsto para o dia 18 de junho. O per\u00edodo de matr\u00edcula vai de 22 at\u00e9\u00a028 de junho\u00a0e o prazo para participar da lista de espera \u00e9 de 22 a\u00a027 de junho.<\/p>\n","protected":false},"excerpt":{"rendered":"<p>O\u00a0Sistema de Sele\u00e7\u00e3o Unificada (Sisu) vai ofertar\u00a057.271 vagas em 68 institui\u00e7\u00f5es p\u00fablicas de ensino superior,&#8230;<\/p>\n","protected":false},"author":1,"featured_media":0,"comment_status":"closed","ping_status":"closed","sticky":false,"template":"","format":"standard","meta":{"footnotes":""},"categories":[10],"tags":[],"class_list":["post-18302","post","type-post","status-publish","format-standard","hentry","category-educacao"],"_links":{"self":[{"href":"https:\/\/www.corumbaonline.com.br\/news\/wp-json\/wp\/v2\/posts\/18302","targetHints":{"allow":["GET"]}}],"collection":[{"href":"https:\/\/www.corumbaonline.com.br\/news\/wp-json\/wp\/v2\/posts"}],"about":[{"href":"https:\/\/www.corumbaonline.com.br\/news\/wp-json\/wp\/v2\/types\/post"}],"author":[{"embeddable":true,"href":"https:\/\/www.corumbaonline.com.br\/news\/wp-json\/wp\/v2\/users\/1"}],"replies":[{"embeddable":true,"href":"https:\/\/www.corumbaonline.com.br\/news\/wp-json\/wp\/v2\/comments?post=18302"}],"version-history":[{"count":1,"href":"https:\/\/www.corumbaonline.com.br\/news\/wp-json\/wp\/v2\/posts\/18302\/revisions"}],"predecessor-version":[{"id":18303,"href":"https:\/\/www.corumbaonline.com.br\/news\/wp-json\/wp\/v2\/posts\/18302\/revisions\/18303"}],"wp:attachment":[{"href":"https:\/\/www.corumbaonline.com.br\/news\/wp-json\/wp\/v2\/media?parent=18302"}],"wp:term":[{"taxonomy":"category","embeddable":true,"href":"https:\/\/www.corumbaonline.com.br\/news\/wp-json\/wp\/v2\/categories?post=18302"},{"taxonomy":"post_tag","embeddable":true,"href":"https:\/\/www.corumbaonline.com.br\/news\/wp-json\/wp\/v2\/tags?post=18302"}],"curies":[{"name":"wp","href":"https:\/\/api.w.org\/{rel}","templated":true}]}}