{"id":18304,"date":"2018-06-05T15:15:34","date_gmt":"2018-06-05T19:15:34","guid":{"rendered":"http:\/\/www.corumbaonline.com.br\/news\/?p=18304"},"modified":"2018-06-05T16:14:01","modified_gmt":"2018-06-05T20:14:01","slug":"municipio-celebra-dia-mundial-do-meio-ambiente-com-acao-em-escola","status":"publish","type":"post","link":"https:\/\/www.corumbaonline.com.br\/news\/municipio-celebra-dia-mundial-do-meio-ambiente-com-acao-em-escola\/","title":{"rendered":"Munic\u00edpio celebra Dia Mundial do Meio Ambiente com a\u00e7\u00e3o em escola"},"content":{"rendered":"<p>Solenidade realizada na Escola Municipal Djalma Sampaio Brasil marcou a comemora\u00e7\u00e3o do Dia Mundial do Meio Ambiente, celebrado nesta ter\u00e7a-feira, 05 de junho. O prefeito Marcelo Iunes participou da atividade e, ao final do evento, fez o plantio de mudas de \u00e1rvores no p\u00e1tio e na frente da institui\u00e7\u00e3o de ensino, localizada no bairro Aeroporto.<\/p>\n<p>&nbsp;<\/p>\n<p>A iniciativa foi uma a\u00e7\u00e3o da Secretaria Especial de Cidadania e Direitos Humanos, por meio da Coordenadoria de Pol\u00edticas para a Juventude, em parceria com a Secretaria Municipal de Educa\u00e7\u00e3o; Funda\u00e7\u00e3o do Meio Ambiente do Pantanal e Escola Municipal Djalma de Sampaio Brasil, que fez a premia\u00e7\u00e3o dos alunos vencedores do concurso interno de Melhor Reda\u00e7\u00e3o e Melhor Desenho.<\/p>\n<p>&nbsp;<\/p>\n<p>\u201cA escola abriu as portas para a discuss\u00e3o um tema muito importante para todos n\u00f3s, que \u00e9 o meio ambiente. \u00c9 um momento para refletirmos a rela\u00e7\u00e3o que temos com o meio em que vivemos\u201d, disse Ver\u00f4nica Chaparro de Lucena, diretora da escola Djalma Sampaio.<\/p>\n<p>&nbsp;<\/p>\n<p>Representando a Funda\u00e7\u00e3o de Meio Ambiente, a bi\u00f3loga Marina Daibert afirmou que a iniciativa \u00e9 extremamente significativa, pois \u201cleva \u00e0 reflex\u00e3o das nossas a\u00e7\u00f5es do dia a dia e o que estamos fazendo para termos um mundo melhor\u201d.<\/p>\n<p>&nbsp;<\/p>\n<p>O prefeito Marcelo Iunes ressaltou que a Prefeitura busca conscientizar toda a popula\u00e7\u00e3o da import\u00e2ncia de a\u00e7\u00f5es para um meio ambiente sustent\u00e1vel. \u201c\u00c9 dever de todos trabalhar pelo meio ambiente, n\u00e3o s\u00f3 hoje, mas ao longo do ano todo. O meio ambiente faz parte da vida de todos n\u00f3s\u201d, completou o chefe do Executivo Municipal.<\/p>\n<p>&nbsp;<\/p>\n<p>Tamb\u00e9m participaram do evento a primeira-dama e secret\u00e1ria Especial de Cidadania e Direitos Humanos, Amanda Balancieri Iunes, o secret\u00e1rio Municipal de Educa\u00e7\u00e3o, Genilson Canavarro de Abreu, e o subsecret\u00e1rio Municipal de Sa\u00fade, F\u00e1bio Mandu.<\/p>\n<p><strong>Programa\u00e7\u00e3o<\/strong><\/p>\n<p>&nbsp;<\/p>\n<p>A Prefeitura de Corumb\u00e1, por meio da Funda\u00e7\u00e3o do Meio Ambiente do Pantanal, com o apoio do diversos parceiros realizar\u00e1 no per\u00edodo de 04 a 10 de junho, v\u00e1rios eventos referentes \u00e0 Semana do Meio Ambiente.<\/p>\n<p>&nbsp;<\/p>\n<p>A programa\u00e7\u00e3o para a Semana do Meio Ambiente \u00e9 bem din\u00e2mica e toda voltada para a comunidade escolar e popula\u00e7\u00e3o em geral, com oferecimento de palestras nas escolas; plantio de arb\u00f3reas em vias p\u00fablicas; Corrida de Aventura no Parque Natural Municipal de Piraputangas entre outras a\u00e7\u00f5es.<\/p>\n<p>&nbsp;<\/p>\n<p>Entre as a\u00e7\u00f5es programadas est\u00e3o a Feira Ambiental que ser\u00e1 no dia 09 de junho, das 14 \u00e0s 19 horas, no Jardim da Independ\u00eancia, com atra\u00e7\u00f5es culturais, shows, brincadeiras, estandes dos parceiros, pra\u00e7a de alimenta\u00e7\u00e3o; oficina de dan\u00e7a; dan\u00e7a de rua; Banda Manoel Flor\u00eancio; city tour; Feira do Produtor e Concurso de Fantasia de Recicl\u00e1veis com a participa\u00e7\u00e3o das Escolas da Rede Municipal de Ensino, com premia\u00e7\u00e3o de uma televis\u00e3o 42 para a escola vencedora.<\/p>\n<p>&nbsp;<\/p>\n<p>Para encerrar a Semana do Meio Ambiente ser\u00e1 realizada a II Corrida de Aventura do Parque Piraputangas no dia 10 de junho, com inicio \u00e0s 08 horas, com um percurso de 10 quil\u00f4metros em meio \u00e0 mata nativa na morraria de Corumb\u00e1.<\/p>\n<p><strong>Dia Mundial do Meio Ambiente<\/strong><\/p>\n<p>&nbsp;<\/p>\n<p>O Dia Mundial do Meio Ambiente \u00e9 comemorado anualmente em 05 de junho. Este dia foi institu\u00eddo em 1972, pela Organiza\u00e7\u00e3o das Na\u00e7\u00f5es Unidas (ONU), durante a realiza\u00e7\u00e3o da Confer\u00eancia das Na\u00e7\u00f5es Unidas sobre o Meio Ambiente Humano, em Estocolmo, tendo como objetivo principal chamar a aten\u00e7\u00e3o das autoridades e popula\u00e7\u00e3o em geral para os problemas ambientais e a import\u00e2ncia de sua preserva\u00e7\u00e3o e conserva\u00e7\u00e3o do meio ambiente como um todo.<\/p>\n","protected":false},"excerpt":{"rendered":"<p>Solenidade realizada na Escola Municipal Djalma Sampaio Brasil marcou a comemora\u00e7\u00e3o do Dia Mundial do&#8230;<\/p>\n","protected":false},"author":1,"featured_media":18305,"comment_status":"closed","ping_status":"closed","sticky":false,"template":"","format":"standard","meta":{"footnotes":""},"categories":[10,17],"tags":[],"class_list":["post-18304","post","type-post","status-publish","format-standard","has-post-thumbnail","hentry","category-educacao","category-meio-ambiente"],"_links":{"self":[{"href":"https:\/\/www.corumbaonline.com.br\/news\/wp-json\/wp\/v2\/posts\/18304","targetHints":{"allow":["GET"]}}],"collection":[{"href":"https:\/\/www.corumbaonline.com.br\/news\/wp-json\/wp\/v2\/posts"}],"about":[{"href":"https:\/\/www.corumbaonline.com.br\/news\/wp-json\/wp\/v2\/types\/post"}],"author":[{"embeddable":true,"href":"https:\/\/www.corumbaonline.com.br\/news\/wp-json\/wp\/v2\/users\/1"}],"replies":[{"embeddable":true,"href":"https:\/\/www.corumbaonline.com.br\/news\/wp-json\/wp\/v2\/comments?post=18304"}],"version-history":[{"count":1,"href":"https:\/\/www.corumbaonline.com.br\/news\/wp-json\/wp\/v2\/posts\/18304\/revisions"}],"predecessor-version":[{"id":18306,"href":"https:\/\/www.corumbaonline.com.br\/news\/wp-json\/wp\/v2\/posts\/18304\/revisions\/18306"}],"wp:featuredmedia":[{"embeddable":true,"href":"https:\/\/www.corumbaonline.com.br\/news\/wp-json\/wp\/v2\/media\/18305"}],"wp:attachment":[{"href":"https:\/\/www.corumbaonline.com.br\/news\/wp-json\/wp\/v2\/media?parent=18304"}],"wp:term":[{"taxonomy":"category","embeddable":true,"href":"https:\/\/www.corumbaonline.com.br\/news\/wp-json\/wp\/v2\/categories?post=18304"},{"taxonomy":"post_tag","embeddable":true,"href":"https:\/\/www.corumbaonline.com.br\/news\/wp-json\/wp\/v2\/tags?post=18304"}],"curies":[{"name":"wp","href":"https:\/\/api.w.org\/{rel}","templated":true}]}}