{"id":18333,"date":"2018-06-06T09:34:28","date_gmt":"2018-06-06T13:34:28","guid":{"rendered":"http:\/\/www.corumbaonline.com.br\/news\/?p=18333"},"modified":"2018-06-06T09:32:34","modified_gmt":"2018-06-06T13:32:34","slug":"compromisso-dos-paises-garante-implantacao-da-rota-bioceanica-diz-secretario-de-infraestrutura","status":"publish","type":"post","link":"https:\/\/www.corumbaonline.com.br\/news\/compromisso-dos-paises-garante-implantacao-da-rota-bioceanica-diz-secretario-de-infraestrutura\/","title":{"rendered":"Compromisso dos pa\u00edses garante implanta\u00e7\u00e3o da Rota Bioce\u00e2nica, diz secret\u00e1rio de Infraestrutura"},"content":{"rendered":"<p>A consolida\u00e7\u00e3o da rota bioce\u00e2nica que une Brasil, Paraguai, Argentina e Chile, encurtando em mais de 60% a dist\u00e2ncia mar\u00edtima para chegar os produtos de Mato Grosso do Sul \u00e0 \u00c1sia, deixou de ser apenas um sonho de integra\u00e7\u00e3o latino-americana e se concretizar\u00e1 a m\u00e9dio prazo com a uni\u00e3o dos quatro pa\u00edses e a for\u00e7a empresarial. As decis\u00f5es governamentais se convergem e avan\u00e7am.<\/p>\n<p>A avalia\u00e7\u00e3o foi feita pelo secret\u00e1rio de Estado de Infraestrutura, Helianey Paulo Silva, que representa Mato Grosso do Sul na sexta reuni\u00e3o do Grupo de Trabalho do Corredor Bioce\u00e2nico, que se realiza na cidade argentina de Salta. Com a passagem da comitiva empresarial do Estado pela regi\u00e3o, durante viagem pelos 2.396 Km da rota, no ano passado, os empres\u00e1rios locais se mostraram motivados com a possibilidade de fomentar o com\u00e9rcio e o turismo transfronteiri\u00e7o com esse novo tra\u00e7ado.<\/p>\n<div id=\"attachment_227051\" class=\"wp-caption alignright\"><a href=\"http:\/\/www.ms.gov.br\/wp-content\/uploads\/sites\/150\/2018\/06\/bioceanica_reuniao-em-salta4.jpg\"><img loading=\"lazy\" decoding=\"async\" class=\"wp-image-227051\" src=\"http:\/\/www.ms.gov.br\/wp-content\/uploads\/sites\/150\/2018\/06\/bioceanica_reuniao-em-salta4-300x225.jpg\" sizes=\"auto, (max-width: 306px) 100vw, 306px\" srcset=\"http:\/\/www.ms.gov.br\/wp-content\/uploads\/sites\/150\/2018\/06\/bioceanica_reuniao-em-salta4-300x225.jpg 300w, http:\/\/www.ms.gov.br\/wp-content\/uploads\/sites\/150\/2018\/06\/bioceanica_reuniao-em-salta4-768x576.jpg 768w, http:\/\/www.ms.gov.br\/wp-content\/uploads\/sites\/150\/2018\/06\/bioceanica_reuniao-em-salta4-1024x768.jpg 1024w, http:\/\/www.ms.gov.br\/wp-content\/uploads\/sites\/150\/2018\/06\/bioceanica_reuniao-em-salta4.jpg 1280w\" alt=\"\" width=\"306\" height=\"229\" \/><\/a><\/p>\n<p class=\"wp-caption-text\"><em>Ministro Jo\u00e3o Carlos Parkinson, representando o Brasil, fala durante encontro em Salta.<\/em><\/p>\n<\/div>\n<p>\u201cO primeiro dia do encontro, nessa segunda-feira, foi bastante produtivo e mostrou que a viabilidade dessa rota rodovi\u00e1ria aos portos do Chile \u00e9 uma quest\u00e3o apenas de ajustes, pois as decis\u00f5es est\u00e3o sendo tomadas pelos governos de cada pa\u00eds\u201d, afirma Helianey Silva. A uni\u00e3o e o interesse de Brasil, Paraguai, Argentina e Chile em operar esse novo corredor, segundo ele, vai tirar o projeto do papel e beneficiar\u00e1 diretamente o Estado.<\/p>\n<p><strong>Legisla\u00e7\u00e3o unificada<\/strong><\/p>\n<p>O evento em Salta \u00e9 uma sequ\u00eancia de reuni\u00f5es que est\u00e3o sendo realizadas em cada pa\u00eds para tomada de decis\u00f5es, onde s\u00e3o ratificados compromissos e alinhadas quest\u00f5es relativas \u00e0 legisla\u00e7\u00e3o aduaneira, a qual se pretende unificar para simplificar os procedimentos de alf\u00e2ndega, sanit\u00e1ria e migrat\u00f3ria, principalmente do lado brasileiro. Helianey Silva explica que a regula\u00e7\u00e3o alfandeg\u00e1ria \u00e9 o maior desafio.<\/p>\n<div id=\"attachment_227055\" class=\"wp-caption alignnone\"><img loading=\"lazy\" decoding=\"async\" class=\"wp-image-227055 size-full\" src=\"http:\/\/www.ms.gov.br\/wp-content\/uploads\/sites\/150\/2018\/06\/rota_aduana-integrada-argentina-chile-entre-a-cordilheira-e-o-deserto-de-atacama.jpg\" sizes=\"auto, (max-width: 1584px) 100vw, 1584px\" srcset=\"http:\/\/www.ms.gov.br\/wp-content\/uploads\/sites\/150\/2018\/06\/rota_aduana-integrada-argentina-chile-entre-a-cordilheira-e-o-deserto-de-atacama.jpg 1584w, http:\/\/www.ms.gov.br\/wp-content\/uploads\/sites\/150\/2018\/06\/rota_aduana-integrada-argentina-chile-entre-a-cordilheira-e-o-deserto-de-atacama-300x226.jpg 300w, http:\/\/www.ms.gov.br\/wp-content\/uploads\/sites\/150\/2018\/06\/rota_aduana-integrada-argentina-chile-entre-a-cordilheira-e-o-deserto-de-atacama-768x579.jpg 768w, http:\/\/www.ms.gov.br\/wp-content\/uploads\/sites\/150\/2018\/06\/rota_aduana-integrada-argentina-chile-entre-a-cordilheira-e-o-deserto-de-atacama-1024x772.jpg 1024w\" alt=\"\" width=\"1584\" height=\"1194\" \/><\/p>\n<p class=\"wp-caption-text\"><em>Aduana na fronteira Argentina-Chile: exemplo de integra\u00e7\u00e3o nas cordilheiras.<\/em><\/p>\n<\/div>\n<p>\u201cTemos fatores importantes na parte de aduana para definir, buscando n\u00e3o apenas a unifica\u00e7\u00e3o dos procedimentos, mas garantindo seguran\u00e7a aos usu\u00e1rios e fluidez no transporte\u201d, diz o secret\u00e1rio, que nesta ter\u00e7a-feira (5.6), \u00faltimo dia da reuni\u00e3o, participa das rodas de trabalho sobre quest\u00f5es operacionais de cargas e pessoas no trecho.<\/p>\n<p>Os embara\u00e7os e conflitos de legisla\u00e7\u00e3o aduaneira, segundo ele, caminham para uma solu\u00e7\u00e3o porque h\u00e1 di\u00e1logo entre os pa\u00edses e vontade pol\u00edtica em encontrar um consenso para viabilizar a rota transcontinental. No encontro de hoje, aberto \u00e0s 8h30 (hor\u00e1rio Bras\u00edlia), participam os representantes dos minist\u00e9rios de Rela\u00e7\u00f5es Exteriores do Brasil, Chile e da Argentina, Jo\u00e3o Carlos Parkinson, Carlos Dettleff e Lucas Demaria, respectivamente.<\/p>\n<p><strong>Paraguai anuncia obra<\/strong><\/p>\n<p>Um dos obst\u00e1culos para transpor o caminho dos produtos de Mato Grosso do Sul aos portos do Norte do Chile (Antofagasta e Iquiqui) \u00e9 a rodovia que corta o chaco paraguaio, entre as fronteiras com o Brasil e a Argentina. O trecho \u00e9 longo (s\u00e3o 632 Km) e de terra, tornando-se intransit\u00e1vel por ser um terreno alag\u00e1vel. O Paraguai reafirmou, na reuni\u00e3o de Salta, que pavimentar\u00e1 a rodovia em 40 meses.<\/p>\n<div id=\"attachment_227063\" class=\"wp-caption alignnone\"><img loading=\"lazy\" decoding=\"async\" class=\"wp-image-227063 size-full\" src=\"http:\/\/www.ms.gov.br\/wp-content\/uploads\/sites\/150\/2018\/06\/bioceanica_mapa-1.jpg\" sizes=\"auto, (max-width: 1156px) 100vw, 1156px\" srcset=\"http:\/\/www.ms.gov.br\/wp-content\/uploads\/sites\/150\/2018\/06\/bioceanica_mapa-1.jpg 1156w, http:\/\/www.ms.gov.br\/wp-content\/uploads\/sites\/150\/2018\/06\/bioceanica_mapa-1-300x166.jpg 300w, http:\/\/www.ms.gov.br\/wp-content\/uploads\/sites\/150\/2018\/06\/bioceanica_mapa-1-768x425.jpg 768w, http:\/\/www.ms.gov.br\/wp-content\/uploads\/sites\/150\/2018\/06\/bioceanica_mapa-1-1024x567.jpg 1024w\" alt=\"\" width=\"1156\" height=\"640\" \/><\/p>\n<p class=\"wp-caption-text\"><em>Campo Grande-Antogafasta: rota reduzir\u00e1 em 20% o frete e implementar\u00e1 em 10% as exporta\u00e7\u00f5es de MS.<\/em><\/p>\n<\/div>\n<p>\u201cO Paraguai apresentou o projeto de pavimenta\u00e7\u00e3o da rodovia e criou uma expectativa muito boa em Salta\u201d, conta o secret\u00e1rio estadual de Infraestrutura. \u201cO projeto j\u00e1 foi licitado e a obra do primeiro trecho, de 300 Km, come\u00e7a no segundo semestre ao custo de R$ 430 milh\u00f5es de d\u00f3lares. A garantia do Paraguai nos deixa muito felizes e confiantes na concretiza\u00e7\u00e3o dessa rota de transportes\u201d, enfatiza.<\/p>\n<p>Helianey Silva lembra que o governo brasileiro tamb\u00e9m vem cumprindo sua parte na constru\u00e7\u00e3o da ponte de concreto sobre o rio Paraguai, entre Porto Murtinho e Carmelo Peralta, cujo investimento (R$ 270 milh\u00f5es) ser\u00e1 compartilhado com o Paraguai. \u201cParte dos recursos j\u00e1 est\u00e1 garantido e a isso devemos a articula\u00e7\u00e3o pol\u00edtica do governador Reinaldo Azambuja e o trabalho da bancada federal\u201d, conclui.<\/p>\n","protected":false},"excerpt":{"rendered":"<p>A consolida\u00e7\u00e3o da rota bioce\u00e2nica que une Brasil, Paraguai, Argentina e Chile, encurtando em mais&#8230;<\/p>\n","protected":false},"author":1,"featured_media":18335,"comment_status":"closed","ping_status":"closed","sticky":false,"template":"","format":"standard","meta":{"footnotes":""},"categories":[8,14],"tags":[],"class_list":["post-18333","post","type-post","status-publish","format-standard","has-post-thumbnail","hentry","category-destaque","category-geral"],"_links":{"self":[{"href":"https:\/\/www.corumbaonline.com.br\/news\/wp-json\/wp\/v2\/posts\/18333","targetHints":{"allow":["GET"]}}],"collection":[{"href":"https:\/\/www.corumbaonline.com.br\/news\/wp-json\/wp\/v2\/posts"}],"about":[{"href":"https:\/\/www.corumbaonline.com.br\/news\/wp-json\/wp\/v2\/types\/post"}],"author":[{"embeddable":true,"href":"https:\/\/www.corumbaonline.com.br\/news\/wp-json\/wp\/v2\/users\/1"}],"replies":[{"embeddable":true,"href":"https:\/\/www.corumbaonline.com.br\/news\/wp-json\/wp\/v2\/comments?post=18333"}],"version-history":[{"count":1,"href":"https:\/\/www.corumbaonline.com.br\/news\/wp-json\/wp\/v2\/posts\/18333\/revisions"}],"predecessor-version":[{"id":18336,"href":"https:\/\/www.corumbaonline.com.br\/news\/wp-json\/wp\/v2\/posts\/18333\/revisions\/18336"}],"wp:featuredmedia":[{"embeddable":true,"href":"https:\/\/www.corumbaonline.com.br\/news\/wp-json\/wp\/v2\/media\/18335"}],"wp:attachment":[{"href":"https:\/\/www.corumbaonline.com.br\/news\/wp-json\/wp\/v2\/media?parent=18333"}],"wp:term":[{"taxonomy":"category","embeddable":true,"href":"https:\/\/www.corumbaonline.com.br\/news\/wp-json\/wp\/v2\/categories?post=18333"},{"taxonomy":"post_tag","embeddable":true,"href":"https:\/\/www.corumbaonline.com.br\/news\/wp-json\/wp\/v2\/tags?post=18333"}],"curies":[{"name":"wp","href":"https:\/\/api.w.org\/{rel}","templated":true}]}}