{"id":18337,"date":"2018-06-06T09:45:22","date_gmt":"2018-06-06T13:45:22","guid":{"rendered":"http:\/\/www.corumbaonline.com.br\/news\/?p=18337"},"modified":"2018-06-06T09:35:13","modified_gmt":"2018-06-06T13:35:13","slug":"vander-reafirma-trabalho-por-corumba-e-ladario-durante-visitas-e-destaca-recursos-viabilizados","status":"publish","type":"post","link":"https:\/\/www.corumbaonline.com.br\/news\/vander-reafirma-trabalho-por-corumba-e-ladario-durante-visitas-e-destaca-recursos-viabilizados\/","title":{"rendered":"Vander reafirma trabalho por Corumb\u00e1 e Lad\u00e1rio durante visitas e destaca recursos viabilizados"},"content":{"rendered":"<p>No m\u00eas de maio, o deputado federal Vander Loubet visitou Corumb\u00e1 e Lad\u00e1rio em duas ocasi\u00f5es. Em ambas, o deputado demonstrou seu compromisso pelas cidades, anunciado investimentos e melhorias que v\u00e3o beneficiar a popula\u00e7\u00e3o.<\/p>\n<p>Nos dias 10 e 11, Vander, acompanhado pelo tamb\u00e9m deputado federal Zeca do PT, teve agendas em Corumb\u00e1 com o prefeito Marcelo Iunes. Em uma das atividades, participou da solenodade de cria\u00e7\u00e3o do Fundo Municipal de Apoio \u00e0 Agricultura Familiar (Fundagro). A cria\u00e7\u00e3o do Fundo foi aprovada pela C\u00e2mara de Vereadores e o prefeito assinou a promulga\u00e7\u00e3o da lei que o instituiu. &#8220;Agora, o munic\u00edpio passa a ter recursos carimbados para ajudar no desenvolvimento dos assentamentos de Corumb\u00e1, custeando projetos de agroindustrializa\u00e7\u00e3o, manuten\u00e7\u00e3o de m\u00e1quinas e equipamentos e outras a\u00e7\u00f5es voltadas para a agricultura familiar&#8221;, comemorou o deputado na ocasi\u00e3o.<\/p>\n<p>Ainda durante o evento, Vander e Zeca entregaram a Iunes um cheque simb\u00f3lico pelos R$ 4,2 milh\u00f5es em investimentos de emendas parlamentares destinadas para a Cidade Branca desde 2015 para a\u00e7\u00f5es nas \u00e1reas de Infraestrutura, Sa\u00fade, Cultura e Turismo, Assist\u00eancia Social e Agricultura Familiar.<\/p>\n<p>Em outra agenda, Vander, Zeca e o prefeito Marcelo Iunes visitaram a Apae de Corumb\u00e1, onde anunciaram a destina\u00e7\u00e3o de uma emenda de R$ 200 mil para apoiar as atividades da entidade. Os deputados ainda se comprometeram a trabalhar em Bras\u00edlia para buscar mais recursos. &#8220;Firmamos o compromisso de pleitear no Minist\u00e9rio da Sa\u00fade uma amplia\u00e7\u00e3o do conv\u00eanio com o SUS, j\u00e1 que os repasses atuais s\u00f3 cobrem uma parte dos atendimentos mensais&#8221;, destacou Vander.<\/p>\n<p>Em Lad\u00e1rio, os deputados Vander e Zeca tiveram reuni\u00e3o com vereadores e com o prefeito Carlos Ruso, na qual agradeceram pelo apoio \u00e0 lei que criou o Fundagro no munic\u00edpio, sancionada por Ruso nessa reuni\u00e3o. Na ocasi\u00e3o, os parlamentares federais entregaram um cheque simb\u00f3lico das emendas e recursos destinados para Lad\u00e1rio: R$ 1,4 milh\u00e3o para obras e a\u00e7\u00f5es nas \u00e1reas da Infraestrutura, Sa\u00fade e Agricultura Familiar.<\/p>\n<p>Nos dia 24 e 25, Vander retornou a Lad\u00e1rio e Corumb\u00e1. No primeiro dia, ao lado de Zeca do PT, visitou o 6\u00ba Distrito Naval da Marinha, onde foram recebidos pelo contra-almirante Barros Coutinho. os deputados ouviram uma explana\u00e7\u00e3o sobre a atua\u00e7\u00e3o da Marinha na regi\u00e3o e firmaram o compromisso de destinar emendas para apoiar o trabalho do 6\u00ba DN. &#8220;Durante meus mandatos, sempre procurei colaborar com as For\u00e7as Armadas em MS. Destinei emendas para a\u00e7\u00f5es do Ex\u00e9rcito em Campo Grande, Ponta Por\u00e3 e Porto Murtinho e tamb\u00e9m j\u00e1 destinei emenda para atender a Camala &#8211; Casa do Marinheiro de Lad\u00e1rio&#8221;, pontou Vander.<\/p>\n<p>\u00c0 noite, Vander e Zeca estiveram com o prefeito Marcelo Iunes, o secret\u00e1rio municipal de Cultura, Joilson da Cruz, e o secret\u00e1rio estadual de Cultura, Athayde Nery, para prestigiar a abertura de mais uma edi\u00e7\u00e3o do Festival Am\u00e9rica do Sul Pantanal, evento criado durante o nosso governo do PT em Mato Grosso do Sul. &#8220;Muito bom ver a continuidade dessa a\u00e7\u00e3o cultural, importante para integrar a cultura sul-americana e para promover o turismo em MS&#8221;, afirmou Vander.<\/p>\n<p>Encerrando sua visita \u00e0 Regi\u00e3o do Pantanal, no dia seguinte, Vander visitou o campus do Instituto Federal de Educa\u00e7\u00e3o, Ci\u00eancia e Tecnologia de Mato Grosso do Sul (IFMS) com Zeca. Em reuni\u00e3o com o reitor Sandro Moura Santos, os deputados ouviram reivindica\u00e7\u00f5es por recursos para projetos do Instituto. &#8220;Nos comprometemos a trabalhar para atender essas demandas. Os Institutos Federais, criados pelo Lula, foram uma revolu\u00e7\u00e3o no sistema educacional do nosso pa\u00eds&#8221;, frisou Vander. Tamb\u00e9m estiveram no Instituto da Mulher Negra do Pantanal, que desenvolve um importante trabalho de atendimentos \u00e0s comunidades quilombolas e a mulheres em situa\u00e7\u00e3o de vulnerabilidade racial, economia e social na regi\u00e3o. &#8220;O Zeca e eu ouvimos da presidente Ednir de Paulo reivindica\u00e7\u00f5es e nos comprometemos a trabalhar para dar apoio ao trabalho do Instituto&#8221;, concluiu o deputado.<\/p>\n","protected":false},"excerpt":{"rendered":"<p>No m\u00eas de maio, o deputado federal Vander Loubet visitou Corumb\u00e1 e Lad\u00e1rio em duas&#8230;<\/p>\n","protected":false},"author":1,"featured_media":18338,"comment_status":"closed","ping_status":"closed","sticky":false,"template":"","format":"standard","meta":{"footnotes":""},"categories":[8,19],"tags":[],"class_list":["post-18337","post","type-post","status-publish","format-standard","has-post-thumbnail","hentry","category-destaque","category-politica"],"_links":{"self":[{"href":"https:\/\/www.corumbaonline.com.br\/news\/wp-json\/wp\/v2\/posts\/18337","targetHints":{"allow":["GET"]}}],"collection":[{"href":"https:\/\/www.corumbaonline.com.br\/news\/wp-json\/wp\/v2\/posts"}],"about":[{"href":"https:\/\/www.corumbaonline.com.br\/news\/wp-json\/wp\/v2\/types\/post"}],"author":[{"embeddable":true,"href":"https:\/\/www.corumbaonline.com.br\/news\/wp-json\/wp\/v2\/users\/1"}],"replies":[{"embeddable":true,"href":"https:\/\/www.corumbaonline.com.br\/news\/wp-json\/wp\/v2\/comments?post=18337"}],"version-history":[{"count":1,"href":"https:\/\/www.corumbaonline.com.br\/news\/wp-json\/wp\/v2\/posts\/18337\/revisions"}],"predecessor-version":[{"id":18339,"href":"https:\/\/www.corumbaonline.com.br\/news\/wp-json\/wp\/v2\/posts\/18337\/revisions\/18339"}],"wp:featuredmedia":[{"embeddable":true,"href":"https:\/\/www.corumbaonline.com.br\/news\/wp-json\/wp\/v2\/media\/18338"}],"wp:attachment":[{"href":"https:\/\/www.corumbaonline.com.br\/news\/wp-json\/wp\/v2\/media?parent=18337"}],"wp:term":[{"taxonomy":"category","embeddable":true,"href":"https:\/\/www.corumbaonline.com.br\/news\/wp-json\/wp\/v2\/categories?post=18337"},{"taxonomy":"post_tag","embeddable":true,"href":"https:\/\/www.corumbaonline.com.br\/news\/wp-json\/wp\/v2\/tags?post=18337"}],"curies":[{"name":"wp","href":"https:\/\/api.w.org\/{rel}","templated":true}]}}