{"id":18344,"date":"2018-06-06T15:15:36","date_gmt":"2018-06-06T19:15:36","guid":{"rendered":"http:\/\/www.corumbaonline.com.br\/news\/?p=18344"},"modified":"2018-06-06T15:06:44","modified_gmt":"2018-06-06T19:06:44","slug":"dia-nacional-do-teste-do-pezinho-lembra-a-importancia-do-exame-neonatal","status":"publish","type":"post","link":"https:\/\/www.corumbaonline.com.br\/news\/dia-nacional-do-teste-do-pezinho-lembra-a-importancia-do-exame-neonatal\/","title":{"rendered":"Dia Nacional do Teste do Pezinho lembra a import\u00e2ncia do exame neonatal"},"content":{"rendered":"<p>O Dia Nacional do Teste do Pezinho \u00e9 comemorado no Brasil em 06 de junho. O objetivo \u00e9 lembrar a import\u00e2ncia da triagem neonatal. O exame \u00e9 considerado um dos mais importantes para se detectar poss\u00edveis problemas na sa\u00fade dos beb\u00eas e \u00e9 feito entre o terceiro e quinto dia de vida do rec\u00e9m-nascido. Com uma picada no calcanhar, gotinhas de sangue s\u00e3o analisadas e podem detectar se a crian\u00e7a possui problemas gen\u00e9ticos, infecciosos ou metab\u00f3licos. O Teste do Pezinho \u00e9 obrigat\u00f3rio no Brasil desde 1992.<\/p>\n<p>&nbsp;<\/p>\n<p>Atrav\u00e9s do exame, in\u00fameras doen\u00e7as podem ser detectadas e o tratamento pode ser iniciado nas primeiras semanas de vida do beb\u00ea. Entre as doen\u00e7as est\u00e3o a Fenilceton\u00faria, enfermidade cong\u00eanita na qual o sistema digest\u00f3rio do beb\u00ea n\u00e3o consegue digerir prote\u00edna que se encontra em ovos e carne, e quando n\u00e3o digerida, a prote\u00edna pode se tornar venenosa para o organismo. Hipotireoidismo cong\u00eanito, hiperplasia adrenal cong\u00eanita, fibrose c\u00edstica, defici\u00eancia de biotinidase e doen\u00e7a falciforme s\u00e3o todos problemas que podem ser descobertos com o exame neonatal.<\/p>\n<p>&nbsp;<\/p>\n<p>O Teste do Pezinho ampliado pode ainda informar se a crian\u00e7a tem ou n\u00e3o Galactosemia, Toxoplasmose Cong\u00eanita, Defici\u00eancia de glicose-6-fosfato desidrogenase, S\u00edfilis cong\u00eanita, Aids, Rub\u00e9ola cong\u00eanita, Herpes cong\u00eanita, Doen\u00e7a do citomegalov\u00edrus cong\u00eanita e Doen\u00e7a de chagas cong\u00eanita. No Munic\u00edpio de Corumb\u00e1, o exame \u00e9 feito nas Unidades B\u00e1sicas de Sa\u00fade.<\/p>\n<p>&nbsp;<\/p>\n<p><strong>Doen\u00e7a Falciforme<\/strong><\/p>\n<p>A Doen\u00e7a Falciforme, uma das que s\u00e3o descobertas atrav\u00e9s do Teste do Pezinho, \u00e9 rara, heredit\u00e1ria e n\u00e3o tem cura. Quando diagnosticada na pessoa rec\u00e9m-nascida, a aten\u00e7\u00e3o \u00e0 crian\u00e7a e o tratamento adequado podem melhorar a qualidade de vida do paciente. No final de 2016, foi publicado no Di\u00e1rio Oficial do Munic\u00edpio o Protocolo de Atendimento Integral \u00e0s Pessoas com Doen\u00e7a Falciforme, Tra\u00e7o Falciforme e outras hemoglobinopatias na Rede P\u00fablica Municipal de Sa\u00fade de Corumb\u00e1. Em todo o Mato Grosso do Sul, o munic\u00edpio pantaneiro \u00e9 o \u00fanico a ter esse protocolo.<\/p>\n<p>&nbsp;<\/p>\n<p>Conforme Cl\u00e1udia Natacha Bassi Dagel, que faz parte da dire\u00e7\u00e3o executiva da Associa\u00e7\u00e3o Corumbaense das Pessoas com Doen\u00e7as Falciformes e outras Hemoglobinopatias (ACODFAL), o protocolo foi estabelecido ap\u00f3s o falecimento de uma associada da ACODFAL que estava gestante, bem como de seu beb\u00ea. Natacha contou ainda que a paciente estava fazendo todo acompanhamento pelo SUS em Campo Grande, com hematologista, enquanto em Corumb\u00e1 estava sendo atendida como gesta\u00e7\u00e3o de alto risco.<\/p>\n<p>&nbsp;<\/p>\n<p>\u201cEla estava recebendo todo atendimento que o SUS podia dar naquela ideia de servi\u00e7o especializado. No entanto, quando internou com problema da doen\u00e7a falciforme, os m\u00e9dicos daqui n\u00e3o sabiam como lidar com a doen\u00e7a. Foi por isso que a Secretaria Municipal de Sa\u00fade estabeleceu uma comiss\u00e3o para montarmos protocolo que envolveu profissionais da Aten\u00e7\u00e3o B\u00e1sica, Farm\u00e1cia, Laborat\u00f3rio, Sa\u00fade da Mulher e representante dos m\u00e9dicos\u201d, contou Natacha.<\/p>\n<p>&nbsp;<\/p>\n<p>\u201cO Protocolo Municipal foi feito com base em uma legisla\u00e7\u00e3o nacional que \u00e9 a Diretriz de Atendimento Integral das Pessoas com Doen\u00e7as Falciforme com a linha de cuidado na Aten\u00e7\u00e3o B\u00e1sica. Essa diretriz foi estabelecida em 2005, mas temos uma legisla\u00e7\u00e3o nacional do Programa de Anemia Falciforme que era direcionado pela coordena\u00e7\u00e3o de sangue e hemoderivados do Minist\u00e9rio da Sa\u00fade. Todo esse atendimento \u00e9 feito em Campo Grande, pelo Hemosul, por isso, o protocolo \u00e9 importante para a gente trazer esse atendimento para a Aten\u00e7\u00e3o B\u00e1sica. \u00c9 um acompanhamento paralelo com o atendimento especializado que se faz na Capital\u201d, completou.<\/p>\n<p>&nbsp;<\/p>\n<p>Desde setembro de 2017, a ACODFAL tem feito capacita\u00e7\u00f5es nas Unidades B\u00e1sicas de Sa\u00fade para que todos os profissionais entendam o que \u00e9 essa linha de cuidado e qual a import\u00e2ncia da rede de sa\u00fade no Munic\u00edpio para se pensar no protocolo municipal. A ACODFAL far\u00e1 tamb\u00e9m capacita\u00e7\u00e3o no setor de urg\u00eancia e emerg\u00eancia, no Pronto-Socorro e em todas as unidades que comp\u00f5em a rede de sa\u00fade de Corumb\u00e1.<\/p>\n<p>&nbsp;<\/p>\n<p><strong>O que \u00e9 a doen\u00e7a<\/strong><\/p>\n<p>Nosso sangue \u00e9 formado por milh\u00f5es de c\u00e9lulas chamadas hem\u00e1cias, os gl\u00f3bulos vermelhos. As hem\u00e1cias s\u00e3o arredondadas, achatadas e el\u00e1sticas e possuem pigmento denominado hemoglobina, respons\u00e1vel por levar oxig\u00eanio dos pulm\u00f5es para todo o corpo atrav\u00e9s da corrente sangu\u00ednea, para que todos os \u00f3rg\u00e3os funcionem normalmente. As hemoglobinopatias s\u00e3o doen\u00e7as gen\u00e9ticas que afetam a hemoglobina. A doen\u00e7a falciforme \u00e9 o exemplo mais comum das hemoglobinopatias.<\/p>\n<p>&nbsp;<\/p>\n<p>Anemia falciforme \u00e9 uma doen\u00e7a heredit\u00e1ria (passa dos pais para os filhos) caracterizada pela altera\u00e7\u00e3o dos gl\u00f3bulos vermelhos do sangue, tornando-os parecidos com uma foice, da\u00ed o nome falciforme. Essas c\u00e9lulas t\u00eam sua membrana alterada e rompem-se mais facilmente, causando anemia. Conforme Minist\u00e9rio da Sa\u00fade, s\u00e3o sintomas da doen\u00e7a dores intensas por causa da obstru\u00e7\u00e3o de pequenos vasos sangu\u00edneos pelos gl\u00f3bulos vermelhos em forma de foice. A dor \u00e9 mais frequente nos ossos e nas articula\u00e7\u00f5es, podendo, por\u00e9m atingir qualquer parte do corpo. Cor amarelada nos olhos e na pele tamb\u00e9m \u00e9 sintoma porque quando o gl\u00f3bulo vermelho se rompe, aparece um pigmento amarelo no sangue que se chama bilirrubina, fazendo com que o branco dos olhos e a pele fiquem amarelos.<\/p>\n<p>&nbsp;<\/p>\n<p>Nas crian\u00e7as pequenas as crises de dor podem ocorrer nos pequenos vasos sangu\u00edneos das m\u00e3os e dos p\u00e9s, causando incha\u00e7o, dor e vermelhid\u00e3o no local. Pessoas com doen\u00e7a falciforme t\u00eam maior propens\u00e3o a infec\u00e7\u00f5es e, principalmente as crian\u00e7as podem ter mais pneumonias e meningites. Por isso elas devem receber vacinas especiais para prevenir estas complica\u00e7\u00f5es. \u00c9 comum terem feridas nas pernas, mais frequentemente pr\u00f3ximo aos tornozelos, a partir da adolesc\u00eancia. As \u00falceras podem levar anos para a cicatriza\u00e7\u00e3o completa, se n\u00e3o forem bem cuidadas no in\u00edcio do seu aparecimento.<\/p>\n<p>&nbsp;<\/p>\n<p>O ba\u00e7o \u00e9 o \u00f3rg\u00e3o que filtra o sangue. Em crian\u00e7as com anemia falciforme, o ba\u00e7o pode aumentar rapidamente por sequestrar todo o sangue e isso pode levar rapidamente \u00e0 morte por falta de sangue para os outros \u00f3rg\u00e3os, como o c\u00e9rebro e o cora\u00e7\u00e3o. \u00c9 uma complica\u00e7\u00e3o da doen\u00e7a que envolve risco de vida e exige tratamento emergencial.<\/p>\n","protected":false},"excerpt":{"rendered":"<p>O Dia Nacional do Teste do Pezinho \u00e9 comemorado no Brasil em 06 de junho&#8230;.<\/p>\n","protected":false},"author":1,"featured_media":0,"comment_status":"closed","ping_status":"closed","sticky":false,"template":"","format":"standard","meta":{"footnotes":""},"categories":[21],"tags":[],"class_list":["post-18344","post","type-post","status-publish","format-standard","hentry","category-saude"],"_links":{"self":[{"href":"https:\/\/www.corumbaonline.com.br\/news\/wp-json\/wp\/v2\/posts\/18344","targetHints":{"allow":["GET"]}}],"collection":[{"href":"https:\/\/www.corumbaonline.com.br\/news\/wp-json\/wp\/v2\/posts"}],"about":[{"href":"https:\/\/www.corumbaonline.com.br\/news\/wp-json\/wp\/v2\/types\/post"}],"author":[{"embeddable":true,"href":"https:\/\/www.corumbaonline.com.br\/news\/wp-json\/wp\/v2\/users\/1"}],"replies":[{"embeddable":true,"href":"https:\/\/www.corumbaonline.com.br\/news\/wp-json\/wp\/v2\/comments?post=18344"}],"version-history":[{"count":1,"href":"https:\/\/www.corumbaonline.com.br\/news\/wp-json\/wp\/v2\/posts\/18344\/revisions"}],"predecessor-version":[{"id":18345,"href":"https:\/\/www.corumbaonline.com.br\/news\/wp-json\/wp\/v2\/posts\/18344\/revisions\/18345"}],"wp:attachment":[{"href":"https:\/\/www.corumbaonline.com.br\/news\/wp-json\/wp\/v2\/media?parent=18344"}],"wp:term":[{"taxonomy":"category","embeddable":true,"href":"https:\/\/www.corumbaonline.com.br\/news\/wp-json\/wp\/v2\/categories?post=18344"},{"taxonomy":"post_tag","embeddable":true,"href":"https:\/\/www.corumbaonline.com.br\/news\/wp-json\/wp\/v2\/tags?post=18344"}],"curies":[{"name":"wp","href":"https:\/\/api.w.org\/{rel}","templated":true}]}}