{"id":18366,"date":"2018-06-07T08:52:17","date_gmt":"2018-06-07T12:52:17","guid":{"rendered":"http:\/\/www.corumbaonline.com.br\/news\/?p=18366"},"modified":"2018-06-07T09:08:12","modified_gmt":"2018-06-07T13:08:12","slug":"miglioli-lanca-pre-candidatura-na-fronteira-sul-dia-8-em-amambai","status":"publish","type":"post","link":"https:\/\/www.corumbaonline.com.br\/news\/miglioli-lanca-pre-candidatura-na-fronteira-sul-dia-8-em-amambai\/","title":{"rendered":"Miglioli lan\u00e7a pr\u00e9-candidatura na fronteira sul dia 8, em Amambai"},"content":{"rendered":"<p>O engenheiro Marcelo Miglioli, ex-secret\u00e1rio de Infraestrutura do Governo do Estado, anunciou que o\u00a0\u00a0segundo lan\u00e7amento de sua pr\u00e9-candidatura ao Senado acontecer\u00e1 em Amambai, neste dia 8 de junho, \u00e0s 19 horas.\u00a0\u00a0A data ficou combinada em reuni\u00e3o com os prefeitos da fronteira sul, Dr. Bandeira, de Amambai, e H\u00e9lio Peluffo, de Ponta Por\u00e3, em Campo Grande. O primeiro evento desse tipo realizado em Jardim, foi um sucesso com a presen\u00e7a de mais de 1.500 pessoas, oito prefeitos e tr\u00eas\u00a0\u00a0deputados estaduais.<\/p>\n<p>A ideia \u00e9 reunir prefeitos e lideran\u00e7as de 17 munic\u00edpios da regi\u00e3o \u201cpara um grande debate sobre o desenvolvimento regional\u201d, disse Miglioli, explicando que a reuni\u00e3o anteriormente marcada para o dia 30 de maio foi adiada devido \u00e0 greve dos caminhoneiros.\u00a0\u00a0\u201cEstamos reunindo as lideran\u00e7as e a comunidade e anunciando uma proposta baseada na seriedade, no trabalho e na larga experi\u00eancia de quem coordenou a constru\u00e7\u00e3o de mais de mil obras em 79 munic\u00edpios\u201d, avalia Miglioli, animado com o andamento da pr\u00e9-candidatura.<\/p>\n<p>Nos encontros regionais denominados \u201cMS que faz\u201d, Marcelo Miglioli apresenta sua trajet\u00f3ria de vida e seu principal resultado que s\u00e3o os tr\u00eas anos e tr\u00eas meses \u00e0 frente da Secretaria de Infraestrutura. \u201cO governo Reinaldo Azambuja precisa continuar para o bem de Mato Grosso do Sul\u201d, afirma o ex-secret\u00e1rio, assinalando que \u201csem empr\u00e9stimo, na maior crise dos \u00faltimos 100 anos, Reinaldo fez entregas e est\u00e1 fazendo em todos os munic\u00edpios, elevando a qualidade de vida, melhorando a sa\u00fade, a educa\u00e7\u00e3o e a seguran\u00e7a do Estado\u201d.<\/p>\n<p>Para preparar a reuni\u00e3o, o pr\u00e9-candidato Marcelo Miglioli est\u00e1 percorrendo a regi\u00e3o da fronteira sul. J\u00e1 esteve em Sete Quedas, Paranhos, Coronel Sapucaia, Ant\u00f4nio Jo\u00e3o, Aral Moreira,\u00a0\u00a0e Ponta Por\u00e3. Nesta semana deve estar em Iguatemi, Mundo Novo, Tacuru e outras localidades mobilizando as lideran\u00e7as para o encontro de Amambai, onde o prefeito Dr. Bandeira tem assegurado presen\u00e7a forte na pr\u00e9-candidatura, porque conhece o trabalho de Marcelo Miglioli.<\/p>\n<p>\u201c\u00c9 um homem preparado, determinado, que conhece bem a nossa realidade e sabe onde e como atrair os recursos para o nosso Estado\u201d, afirma o prefeito, salientando que Amambai \u00e9 um bom exemplo da capacidade do ex-secret\u00e1rio. \u201cmas n\u00e3o \u00e9 s\u00f3 aqui, em todos os munic\u00edpios a gente v\u00ea as marcas do trabalho do Marcelo\u201d.<\/p>\n<p>Marcelo enfatiza a import\u00e2ncia das pr\u00f3ximas elei\u00e7\u00f5es para o Brasil: \u201cJ\u00e1 disse que nessa elei\u00e7\u00e3o ou o pa\u00eds toma um rumo diferente ou vai para o buraco. E quem\u00a0\u00a0vai decidir isso \u00e9 o eleitor, escolhendo bem os nomes, analisando bem os candidatos e optado por gente que trabalha e tem nome limpo. Nesse sentido, ofere\u00e7o o meu nome para aprecia\u00e7\u00e3o. N\u00e3o serei acusado de omisso\u201d, conclui.<\/p>\n","protected":false},"excerpt":{"rendered":"<p>O engenheiro Marcelo Miglioli, ex-secret\u00e1rio de Infraestrutura do Governo do Estado, anunciou que o\u00a0\u00a0segundo lan\u00e7amento&#8230;<\/p>\n","protected":false},"author":1,"featured_media":0,"comment_status":"closed","ping_status":"closed","sticky":false,"template":"","format":"standard","meta":{"footnotes":""},"categories":[19],"tags":[],"class_list":["post-18366","post","type-post","status-publish","format-standard","hentry","category-politica"],"_links":{"self":[{"href":"https:\/\/www.corumbaonline.com.br\/news\/wp-json\/wp\/v2\/posts\/18366","targetHints":{"allow":["GET"]}}],"collection":[{"href":"https:\/\/www.corumbaonline.com.br\/news\/wp-json\/wp\/v2\/posts"}],"about":[{"href":"https:\/\/www.corumbaonline.com.br\/news\/wp-json\/wp\/v2\/types\/post"}],"author":[{"embeddable":true,"href":"https:\/\/www.corumbaonline.com.br\/news\/wp-json\/wp\/v2\/users\/1"}],"replies":[{"embeddable":true,"href":"https:\/\/www.corumbaonline.com.br\/news\/wp-json\/wp\/v2\/comments?post=18366"}],"version-history":[{"count":1,"href":"https:\/\/www.corumbaonline.com.br\/news\/wp-json\/wp\/v2\/posts\/18366\/revisions"}],"predecessor-version":[{"id":18367,"href":"https:\/\/www.corumbaonline.com.br\/news\/wp-json\/wp\/v2\/posts\/18366\/revisions\/18367"}],"wp:attachment":[{"href":"https:\/\/www.corumbaonline.com.br\/news\/wp-json\/wp\/v2\/media?parent=18366"}],"wp:term":[{"taxonomy":"category","embeddable":true,"href":"https:\/\/www.corumbaonline.com.br\/news\/wp-json\/wp\/v2\/categories?post=18366"},{"taxonomy":"post_tag","embeddable":true,"href":"https:\/\/www.corumbaonline.com.br\/news\/wp-json\/wp\/v2\/tags?post=18366"}],"curies":[{"name":"wp","href":"https:\/\/api.w.org\/{rel}","templated":true}]}}