{"id":18395,"date":"2018-06-07T15:59:19","date_gmt":"2018-06-07T19:59:19","guid":{"rendered":"http:\/\/www.corumbaonline.com.br\/news\/?p=18395"},"modified":"2018-06-08T08:32:59","modified_gmt":"2018-06-08T12:32:59","slug":"mais-de-170-servidores-concursados-sao-convocados-para-atuarem-na-area-da-saude","status":"publish","type":"post","link":"https:\/\/www.corumbaonline.com.br\/news\/mais-de-170-servidores-concursados-sao-convocados-para-atuarem-na-area-da-saude\/","title":{"rendered":"Mais de 170 servidores concursados s\u00e3o convocados para atuarem na \u00e1rea da Sa\u00fade"},"content":{"rendered":"<p><strong>\u00a0<\/strong>Para minimizar a defici\u00eancia do quadro funcional, o Governo do Estado cumpre \u00e0 risca sua pol\u00edtica de valoriza\u00e7\u00e3o dos servidores e convoca novos colaboradores nas mais diversas \u00e1reas de atua\u00e7\u00e3o.<\/p>\n<p>A edi\u00e7\u00e3o desta quinta-feira (7) do\u00a0<a href=\"http:\/\/www.spdo.ms.gov.br\/diariodoe\/Index\/Download\/DO9671_07_06_2018\" target=\"_blank\" rel=\"noopener noreferrer\">Di\u00e1rio Oficial do Estado<\/a>\u00a0(DOE) trouxe a convoca\u00e7\u00e3o de 172 profissionais de sa\u00fade, aprovados em concurso p\u00fablico. Os novos servidores v\u00e3o atuar nas unidades da Hemorrede, Hospital Regional de MS, N\u00facleos Regionais, Vigil\u00e2ncia Sanit\u00e1ria e Ag\u00eancia Estadual de Administra\u00e7\u00e3o do Sistema Penitenci\u00e1rio (Agepen).<\/p>\n<p><a href=\"http:\/\/www.sad.ms.gov.br\/wp-content\/uploads\/sites\/5\/2018\/06\/7Z2A2916-1.jpg\" rel=\"attachment wp-att-13395\"><img loading=\"lazy\" decoding=\"async\" class=\"size-medium wp-image-13395 alignright\" src=\"http:\/\/www.sad.ms.gov.br\/wp-content\/uploads\/sites\/5\/2018\/06\/7Z2A2916-1-300x200.jpg\" alt=\"\" width=\"300\" height=\"200\" \/><\/a>De acordo com o presidente da Funda\u00e7\u00e3o de Servi\u00e7os de Sa\u00fade (Funsau), Justiniano Vavas, para atuar no quadro permanente do Hospital Regional, por meio da Funsau, foram convocados: 30 m\u00e9dicos anestesistas, 1 m\u00e9dico neurologista, 1 m\u00e9dico endoscopista, 1 cirurgi\u00e3o tor\u00e1cico, 2 agentes condutores de ve\u00edculos, 2 m\u00e9dicos da \u00e1rea de cancerologia cir\u00fargica, 1 m\u00e9dico cancerologista cl\u00ednico, 2 m\u00e9dicos ginecologista e obstetra, 2 psic\u00f3logos e 35 enfermeiros.<\/p>\n<p>\u201cSer\u00e3o mais de 70 profissionais para o nosso hospital e o chamamento de especialidades extremamente importantes para a forma\u00e7\u00e3o das nossas equipes. Uma a\u00e7\u00e3o que demonstra a sensibilidade do Governo em atender as demandas da sa\u00fade que \u00e9 com certeza uma das \u00e1reas priorit\u00e1rias dessa gest\u00e3o\u201d, observa o presidente da Funda\u00e7\u00e3o.<\/p>\n<p>Nos n\u00facleos Regionais dos munic\u00edpios de Aquidauana, Coxim, Dourados, Jardim, Navira\u00ed, Parana\u00edba, Ponta Por\u00e3 e Tr\u00eas Lagoas foram convocados assistentes de servi\u00e7o de sa\u00fade e enfermeiros. Para desenvolver os trabalhos na Agepen, foram convocados 2 enfermeiros, sendo 1 para lota\u00e7\u00e3o em Campo Grande e outro para Dourados. Para a especialidade de farmauc\u00eautico bioqu\u00edmico 2 novos servidores foram convocados para Campo Grande e Dourados.<\/p>\n<p><a href=\"http:\/\/www.sad.ms.gov.br\/wp-content\/uploads\/sites\/5\/2018\/06\/7Z2A2906.jpg\" rel=\"attachment wp-att-13394\"><img loading=\"lazy\" decoding=\"async\" class=\"size-medium wp-image-13394 alignleft\" src=\"http:\/\/www.sad.ms.gov.br\/wp-content\/uploads\/sites\/5\/2018\/06\/7Z2A2906-300x200.jpg\" alt=\"\" width=\"300\" height=\"200\" \/><\/a>Al\u00e9m das especialidades Cl\u00ednica M\u00e9dica, Nutri\u00e7\u00e3o e Ginecologia e Obstetr\u00edcia para Campo Grande, odont\u00f3logo para o munic\u00edpio de Parana\u00edba e t\u00e9cnicos em Enfermagem para Campo Grande e Aquidauana. \u201cCom a nova convoca\u00e7\u00e3o selamos o cumprimento de mais um compromisso importante do Governo Reinaldo, a\u00e7\u00e3o que vai se refletir no atendimento ao sul-mato-grossense contribuindo para a melhoria da assist\u00eancia nos hospitais e nas unidades do interior do Estado\u201d, completou o Secret\u00e1rio de Sa\u00fade, Carlos Eduardo Coimbra.<\/p>\n<p>Para o presidente do Sindicato dos Trabalhadores em Seguridade Social de MS, Ricardo Bueno, a convoca\u00e7\u00e3o reflete mais um compromisso importante que o Governo cumpre com a categoria. \u201cImportante porque sempre mantivemos o di\u00e1logo e avaliamos a convoca\u00e7\u00e3o como positiva a partir do momento que est\u00e1 repondo v\u00e1rios setores da SES e n\u00facleos de sa\u00fade do interior, chamando o n\u00famero do concurso, o ideal \u00e9 que se chamasse mais, mas j\u00e1 \u00e9 um avan\u00e7o. Um exemplo disso \u00e9 a convoca\u00e7\u00e3o dos m\u00e9dicos anestesistas para o Hospital Reginal, que \u00e9 uma batalha de tempos da sa\u00fade p\u00fablica de Mato Grosso do Sul, onde uma empresa detinha um grande dom\u00ednio neste setor, situa\u00e7\u00e3o que era prejudicial ao SUS\u201d, observou.<\/p>\n<p>Com lota\u00e7\u00e3o na Secretaria de Estado de Sa\u00fade, foram convocados para Campo Grande especialistas de servi\u00e7o de sa\u00fade nas especialidades: enfermagem, farm\u00e1cia, assistente social, bi\u00f3logo, enfermeiro, enfermeiro do trabalho, engenheiro de seguran\u00e7a do trabalho, farmac\u00eautico, farmac\u00eautico bioqu\u00edmico, gestor de servi\u00e7os de sa\u00fade, cl\u00ednico m\u00e9dico, m\u00e9dico de urg\u00eancia e emerg\u00eancia, odont\u00f3logo e sanitarista. Para desenvolver trabalho na Vigil\u00e2ncia Sanit\u00e1ria foram convocados fiscais com especialidades em enfermagem, direito, farm\u00e1cia, nutri\u00e7\u00e3o, tecnologia em radiologia, f\u00edsica ou f\u00edsica m\u00e9dica, al\u00e9m de assistentes de servi\u00e7o de sa\u00fade, t\u00e9cnico em fiscaliza\u00e7\u00e3o sanit\u00e1ria e auxiliar de servi\u00e7os de sa\u00fade.<\/p>\n<p><a href=\"http:\/\/www.sad.ms.gov.br\/wp-content\/uploads\/sites\/5\/2018\/06\/7Z2A2910.jpg\" rel=\"attachment wp-att-13392\"><img loading=\"lazy\" decoding=\"async\" class=\"size-medium wp-image-13392 alignleft\" src=\"http:\/\/www.sad.ms.gov.br\/wp-content\/uploads\/sites\/5\/2018\/06\/7Z2A2910-300x200.jpg\" alt=\"\" width=\"300\" height=\"200\" \/><\/a>Para atua\u00e7\u00e3o no Hemorrede, a Rede Nacional de Servi\u00e7os de Hematologia e Hemoterapia\u00a0foram convocados; 4 assistentes sociais para Campo Grande, 1 para Corumb\u00e1 e 1 para o munic\u00edpio de Ponta Por\u00e3. Na especialidade de Biologia, 3 novos servidores foram convocados para Campo Grande e 1 para Dourados.<\/p>\n<p>Na especialidade de Enfermagem, 5 novos profissionais foram convocados para Campo Grande, e 1 para cada um dos munic\u00edpios de Corumb\u00e1, Dourados, Nova Andradina e Tr\u00eas Lagoas. Na especialidade de farmac\u00eautico bioqu\u00edmico, 3 novos profissionais foram designados para o trabalho em Campo Grande e 1 para cada um dos munic\u00edpios de Coxim, Dourados, Navira\u00ed e Tr\u00eas Lagoas. Para Cl\u00ednica M\u00e9dica, 1 profissional foi convocado para Capital e para assistente de servi\u00e7os de Sa\u00fade, 8 novos profissionais foram nomeados para Aquidauana, Campo Grande, Corumb\u00e1, Coxim, Dourados, Navira\u00ed, Ponta Por\u00e3 e Tr\u00eas Lagoas, al\u00e9m de 6 t\u00e9cnicos de Enfermagem e 3 t\u00e9cnicos em laborat\u00f3rio.<\/p>\n","protected":false},"excerpt":{"rendered":"<p>\u00a0Para minimizar a defici\u00eancia do quadro funcional, o Governo do Estado cumpre \u00e0 risca sua&#8230;<\/p>\n","protected":false},"author":1,"featured_media":0,"comment_status":"closed","ping_status":"closed","sticky":false,"template":"","format":"standard","meta":{"footnotes":""},"categories":[21],"tags":[],"class_list":["post-18395","post","type-post","status-publish","format-standard","hentry","category-saude"],"_links":{"self":[{"href":"https:\/\/www.corumbaonline.com.br\/news\/wp-json\/wp\/v2\/posts\/18395","targetHints":{"allow":["GET"]}}],"collection":[{"href":"https:\/\/www.corumbaonline.com.br\/news\/wp-json\/wp\/v2\/posts"}],"about":[{"href":"https:\/\/www.corumbaonline.com.br\/news\/wp-json\/wp\/v2\/types\/post"}],"author":[{"embeddable":true,"href":"https:\/\/www.corumbaonline.com.br\/news\/wp-json\/wp\/v2\/users\/1"}],"replies":[{"embeddable":true,"href":"https:\/\/www.corumbaonline.com.br\/news\/wp-json\/wp\/v2\/comments?post=18395"}],"version-history":[{"count":2,"href":"https:\/\/www.corumbaonline.com.br\/news\/wp-json\/wp\/v2\/posts\/18395\/revisions"}],"predecessor-version":[{"id":18397,"href":"https:\/\/www.corumbaonline.com.br\/news\/wp-json\/wp\/v2\/posts\/18395\/revisions\/18397"}],"wp:attachment":[{"href":"https:\/\/www.corumbaonline.com.br\/news\/wp-json\/wp\/v2\/media?parent=18395"}],"wp:term":[{"taxonomy":"category","embeddable":true,"href":"https:\/\/www.corumbaonline.com.br\/news\/wp-json\/wp\/v2\/categories?post=18395"},{"taxonomy":"post_tag","embeddable":true,"href":"https:\/\/www.corumbaonline.com.br\/news\/wp-json\/wp\/v2\/tags?post=18395"}],"curies":[{"name":"wp","href":"https:\/\/api.w.org\/{rel}","templated":true}]}}