{"id":18406,"date":"2018-06-08T08:32:30","date_gmt":"2018-06-08T12:32:30","guid":{"rendered":"http:\/\/www.corumbaonline.com.br\/news\/?p=18406"},"modified":"2018-06-08T08:58:00","modified_gmt":"2018-06-08T12:58:00","slug":"camaras-celebram-batalha-do-riachuelo-e-homenageiam-o-pantaneiro-barros-coutinho","status":"publish","type":"post","link":"https:\/\/www.corumbaonline.com.br\/news\/camaras-celebram-batalha-do-riachuelo-e-homenageiam-o-pantaneiro-barros-coutinho\/","title":{"rendered":"C\u00e2maras celebram Batalha do Riachuelo e homenageiam o \u2018pantaneiro\u2019 Barros Coutinho"},"content":{"rendered":"<p><span style=\"color: #000000;\">A Batalha Naval do Riachuelo, Data Magna da Marinha do Brasil, foi celebrada na noite de quarta-feira (6), durante uma Sess\u00e3o Solene no Plen\u00e1rio da Casa do Bar\u00e3o de Vila Maria, realizada de forma conjunta pelas C\u00e2maras Municipais de Corumb\u00e1 e Lad\u00e1rio.<\/span><\/p>\n<p><span style=\"color: #000000;\">Al\u00e9m de lembrar os 153 anos de um dos principais eventos militares ocorridos durante a Guerra do Paraguai, em 11 de junho de 1865, o ato foi marcado tamb\u00e9m pelas homenagens ao contra-almirante Luiz Oct\u00e1vio Barros Coutinho, comandante do 6\u00ba Distrito Naval, que foi agraciado com os t\u00edtulos de Cidad\u00e3o Corumbaense e Cidad\u00e3o Ladarense, outorgados pelas duas C\u00e2maras, pelos relevantes servi\u00e7os prestados na regi\u00e3o pantaneira.<\/span><\/p>\n<p><span style=\"color: #000000;\">A Sess\u00e3o Solene, conforme o presidente da C\u00e2mara de Corumb\u00e1, Evander Vendramini, e o vice-presidente da C\u00e2mara de Lad\u00e1rio, Daniel Benzi, foi uma forma de reverenciar um fato hist\u00f3rico decisivo na Guerra da Tr\u00edplice Alian\u00e7a contra o Paraguai, considerado o maior conflito militar na Am\u00e9rica do Sul.<\/span><\/p>\n<p><span style=\"color: #000000;\">\u201cA hist\u00f3ria tem que ser valorizada e a Marinha do Brasil faz a diferen\u00e7a\u201d, citou Evander para em seguida, dirigindo-se ao plen\u00e1rio lotado, parabenizar a todos pelo que \u201cvoc\u00eas fazem em nossa regi\u00e3o\u201d, em refer\u00eancia ao grande trabalho social voltado para as popula\u00e7\u00f5es das duas cidades, Corumb\u00e1 e Lad\u00e1rio, especialmente para as fam\u00edlias ribeirinhas. \u201cVoc\u00eas s\u00e3o a seguran\u00e7a da nossa P\u00e1tria, em momentos de paz e de guerra\u201d, refor\u00e7ou.<\/span><\/p>\n<p><span style=\"color: #000000;\">Evander e Daniel destacaram que a Marinha tem contribuido de para o desenvolvimento da regi\u00e3o, e que o trabalho do comandante do 6\u00ba Distrito Naval, contra-almirante Barros Coutinho, tem sido decisivo para isso. \u201cO t\u00edtulo de Cidad\u00e3o Corumbaense \u00e9 em reconhecimento ao trabalho realizado pelo comandante em nossa regi\u00e3o. Ele se integrou totalmente \u00e0 sociedade local e sua contribui\u00e7\u00e3o para o nosso desenvolvimento \u00e9 grande\u201d, completou Evander, citando que o contra-almirante fez por merecer os dois t\u00edtulos.<\/span><\/p>\n<p><span style=\"color: #000000;\">Cidad\u00e3o Pantaneiro<\/span><\/p>\n<p><span style=\"color: #000000;\">Barros Coutinho agradeceu o fato de, agora, ser cidad\u00e3o pantaneiro (Corumb\u00e1 e Lad\u00e1rio). Afirmou sentir orgulho em participar da Sess\u00e3o Solene por dois grandes motivos: celebrar a Batalha Naval do Riachuelo e receber os t\u00edtulos de Cidad\u00e3o Corumbaense e Cidad\u00e3o Ladarense. Agradeceu todos os vereadores e disse que a homenagem \u00e9 \u201cextremamente significativa, que me enche de orgulho\u201d.<\/span><\/p>\n<p><span style=\"color: #000000;\">Ele fez uma refer\u00eancia ao epis\u00f3dio ocorrido durante a Guerra do Paraguai; falou sobre a presen\u00e7a da Marinha na regi\u00e3o; destacou as a\u00e7\u00f5es sociais voltadas para as popula\u00e7\u00f5es ribeirinhas e urbanas, destacando que, somente nestes \u00faltimos cinco anos, a institui\u00e7\u00e3o militar levou assist\u00eancia m\u00e9dica-odontol\u00f3gica \u00e0s mais diferentes regi\u00f5es, realizando 12,5 mil consultas, 27 mil procedimentos odontol\u00f3gicos, visitou 320 localidades em 53 miss\u00f5es, cada uma com dura\u00e7\u00e3o de cerca de 30 dias.<\/span><\/p>\n<p><span style=\"color: #000000;\">A sess\u00e3o contou com as presen\u00e7as dos prefeitos de Corumb\u00e1, Marcelo Iunes, e de Lad\u00e1rio, Carlos Anibal Ruzo Pedroso, que tamb\u00e9m destacam a import\u00e2ncia da Marinha na regi\u00e3o. Para eles, a institui\u00e7\u00e3o militar \u00e9 uma grande parceira e contribui para o desenvolvimento, principalmente com as suas a\u00e7\u00f5es sociais.<\/span><\/p>\n<p><span style=\"color: #000000;\">\u201cA Marinha \u00e9 uma grande parceira. Todas as vezes que precisamos, ela est\u00e1 pronta para nos auxiliar\u201d, citou Marcelo. Ele destacou tamb\u00e9m que fez quest\u00e3o de participar da sess\u00e3o para lembrar uma datal importante, a Batalha do Riachuelo, bem como presenciar a entrega dos t\u00edtulos de Cidad\u00e3o Corumbaense e Cidad\u00e3o Ladarense ao comandante Barros Coutinho.<\/span><\/p>\n<p><span style=\"color: #000000;\">Quem tamb\u00e9m foi agraciado com o t\u00edtulo de Cidad\u00e3o Ladarense foi o capit\u00e3o-tenente Leandro de Freitas Pereira, chefe do Departamento de Prefeitura Naval, de Lad\u00e1rio.<\/span><\/p>\n<p><span style=\"color: #000000;\">A sess\u00e3o foi prestigiada pelos vereadores Andr\u00e9 da Farm\u00e1cia, Crist\u00f3v\u00e3o Contador, Domingos Albaneze Neto, Chic\u00e3o Viann e Roberto Fa\u00e7anha (Corumb\u00e1); Augusto de Campos, Lilia Maria Villalva de Moraes Silva, Osvalmir Nunes da Silva e Vagner Gon\u00e7alves (Lad\u00e1rio).<\/span><\/p>\n<p><span style=\"color: #000000;\">Tamb\u00e9m presente o diretor-presidente da Funda\u00e7\u00e3o de Turismo, vereador licenciado Rufo Vinagres, que fez parte da mesa, ao lado de Evander Vendramini, Daniel Benzi, Marcelo Iunes, Carlos Ruzo e do contra-almirante Barros Coutinho.<\/span><\/p>\n<p><span style=\"color: #000000;\">Comemora\u00e7\u00f5es<\/span><\/p>\n<p><span style=\"color: #000000;\">Os 153 anos da Batalha Naval do Riachuelo ser\u00e3o comemorados na segunda, dia 11. Para lembrar a data, o 6\u00ba Distrito Naval preparou uma programa\u00e7\u00e3o que ser\u00e1 aberta amanh\u00e3, sexta-feira (08), se estendendo at\u00e9 segunda, com a tradicional cerim\u00f4nia em Frente ao P\u00f3rtico do Complexo Naval, \u00e0s 09 horas.<\/span><\/p>\n<p><span style=\"color: #000000;\">Em Lad\u00e1rio, nesta sexta, \u00e0s 18 horas, apresenta\u00e7\u00f5es do Pelot\u00e3o Cunha Couto e da Banda de M\u00fasica dos Fuzileiros Navais, em frente ao P\u00f3rtico. J\u00e1 no s\u00e1bado, das 08 \u00e0s 12 horas, acontece a A\u00e7\u00e3o C\u00edvico Social (ACISO, na escola Marqu\u00eas de Tamandar\u00e9.<\/span><\/p>\n<p><span style=\"color: #000000;\">J\u00e1 em Corumb\u00e1, na sexta e s\u00e1bado, visita\u00e7\u00e3o p\u00fablica aos Navios atracados no Porto Geral, al\u00e9m de exposi\u00e7\u00f5es e a\u00e7\u00f5es de promo\u00e7\u00e3o \u00e0 sa\u00fade na Pra\u00e7a da Independ\u00eancia. Ainda no s\u00e1bado, \u00e0s 18 horas, apresenta\u00e7\u00f5es do Pelot\u00e3o Cunha Couto e da Banda de M\u00fasica dos Fuzileiros Navais, no Jardim da Independ\u00eancia.<\/span><\/p>\n","protected":false},"excerpt":{"rendered":"<p>A Batalha Naval do Riachuelo, Data Magna da Marinha do Brasil, foi celebrada na noite&#8230;<\/p>\n","protected":false},"author":1,"featured_media":18407,"comment_status":"closed","ping_status":"closed","sticky":false,"template":"","format":"standard","meta":{"footnotes":""},"categories":[19],"tags":[],"class_list":["post-18406","post","type-post","status-publish","format-standard","has-post-thumbnail","hentry","category-politica"],"_links":{"self":[{"href":"https:\/\/www.corumbaonline.com.br\/news\/wp-json\/wp\/v2\/posts\/18406","targetHints":{"allow":["GET"]}}],"collection":[{"href":"https:\/\/www.corumbaonline.com.br\/news\/wp-json\/wp\/v2\/posts"}],"about":[{"href":"https:\/\/www.corumbaonline.com.br\/news\/wp-json\/wp\/v2\/types\/post"}],"author":[{"embeddable":true,"href":"https:\/\/www.corumbaonline.com.br\/news\/wp-json\/wp\/v2\/users\/1"}],"replies":[{"embeddable":true,"href":"https:\/\/www.corumbaonline.com.br\/news\/wp-json\/wp\/v2\/comments?post=18406"}],"version-history":[{"count":1,"href":"https:\/\/www.corumbaonline.com.br\/news\/wp-json\/wp\/v2\/posts\/18406\/revisions"}],"predecessor-version":[{"id":18408,"href":"https:\/\/www.corumbaonline.com.br\/news\/wp-json\/wp\/v2\/posts\/18406\/revisions\/18408"}],"wp:featuredmedia":[{"embeddable":true,"href":"https:\/\/www.corumbaonline.com.br\/news\/wp-json\/wp\/v2\/media\/18407"}],"wp:attachment":[{"href":"https:\/\/www.corumbaonline.com.br\/news\/wp-json\/wp\/v2\/media?parent=18406"}],"wp:term":[{"taxonomy":"category","embeddable":true,"href":"https:\/\/www.corumbaonline.com.br\/news\/wp-json\/wp\/v2\/categories?post=18406"},{"taxonomy":"post_tag","embeddable":true,"href":"https:\/\/www.corumbaonline.com.br\/news\/wp-json\/wp\/v2\/tags?post=18406"}],"curies":[{"name":"wp","href":"https:\/\/api.w.org\/{rel}","templated":true}]}}