{"id":18415,"date":"2018-06-08T09:47:32","date_gmt":"2018-06-08T13:47:32","guid":{"rendered":"http:\/\/www.corumbaonline.com.br\/news\/?p=18415"},"modified":"2018-07-28T13:11:30","modified_gmt":"2018-07-28T17:11:30","slug":"analisando-7","status":"publish","type":"post","link":"https:\/\/www.corumbaonline.com.br\/news\/analisando-7\/","title":{"rendered":"Analisando&#8230;"},"content":{"rendered":"<p><strong>Reformas<\/strong><\/p>\n<p>Conforme adiantado por esta coluna, o Prefeito Marcelo Iunes dar\u00e1 continuidade as reformas administrativas e politicas em sua gest\u00e3o, com a unifica\u00e7\u00e3o de pastas e a extin\u00e7\u00e3o de outras.<\/p>\n<p><strong>Problemas<\/strong><\/p>\n<p>O prefeito em coletiva adiantou que devido a crise econ\u00f4mica e a queda de arrecada\u00e7\u00e3o do munic\u00edpio, esta tomando medidas duras e impopulares a fim de equilibrar as contas e manter o munic\u00edpio sob sa\u00fade financeira.<\/p>\n<p><strong>Reajuste<\/strong><\/p>\n<p>Ainda sim garantiu o reajuste dos professores e demais servidores e a continuidade de obras e servi\u00e7os que est\u00e3o ligados diretamente aos recursos do Fonplata.<\/p>\n<p><strong>Demiss\u00f5es <\/strong><\/p>\n<p>Tamb\u00e9m confirmou a demiss\u00e3o de servidores comissionados e contratados, em torno de 100, e uma redu\u00e7\u00e3o nos ganhos das gratifica\u00e7\u00f5es pelos funcion\u00e1rios efetivos com cargo de chefia. A meta e economizar algo em torno de 2 milh\u00f5es de reais.<\/p>\n<p><strong>Medidas<\/strong><\/p>\n<p>Esta medida esta acompanhando outras assumidas pela administra\u00e7\u00e3o, como a redu\u00e7\u00e3o da jornada de trabalho de 8 para 6 horas, o controle das despesas fixas e o congelamento de despesas com di\u00e1rias e outros. Outras medidas devem ser tomadas como a revis\u00e3o dos maiores contratos da administra\u00e7\u00e3o e novos investimentos.<\/p>\n<p><strong>Audi\u00eancia Publica<\/strong><\/p>\n<p>Ser\u00e1 realizada nesta sexta feira (08) a partir das 16h na C\u00e2mara Municipal de Corumb\u00e1 a audi\u00eancia publica que visa debater os problemas de telefonia fixa e m\u00f3vel e de internet na regi\u00e3o. Iniciativa do Vereador Chic\u00e3o Viana, que vem se destacando por colocar na mesa temas espinhosos e de total interesse da sociedade.<\/p>\n<p><strong>C\u00e2mara <\/strong><\/p>\n<p>A atitude do vereador Chic\u00e3o aparece quase que como um lago no deserto. Pois ainda estamos esperando por parte dos demais vereadores o debate de temas relevantes. A popula\u00e7\u00e3o esta cansada do eterno \u201cmais do mesmo\u201d.<\/p>\n<p><strong>Elei\u00e7\u00f5es <\/strong><\/p>\n<p>A cada dia que se aproxima as elei\u00e7\u00f5es v\u00e3o surgindo todo tipo de informa\u00e7\u00e3o. Nesta quinta-feira surgiu uma pesquisa \u201cfake news\u201d, com n\u00fameros no m\u00ednimo estranhos.<\/p>\n<p>Corumb\u00e1 ficou conhecido no Estado de MS em 2016 por divulgar todo tipo de pesquisa, das mais estapaf\u00fardias, sobre o resultado da elei\u00e7\u00e3o municipal. Teve candidato que abriu quase 20 pontos de frente sobre seu advers\u00e1rio nas pesquisas na ultima semana da elei\u00e7\u00e3o, e quando as urnas abriram o resultado foi outro, restando jogar a culpa pelo fiasco aos irm\u00e3os bolivianos!<\/p>\n<p><strong>Resultados<\/strong><\/p>\n<p>Pesquisas servem para mostrar uma fotografia do momento, o que o eleitor esta pensando. Se pesquisa ganhasse elei\u00e7\u00e3o n\u00e3o precisava da elei\u00e7\u00e3o.<\/p>\n<p><strong>Corumbaense<\/strong><\/p>\n<p>Ap\u00f3s uma bela \u201ccomida de barriga\u201d no jarg\u00e3o popular, o Carij\u00f3 da Avenida tenta desesperadamente a sua participa\u00e7\u00e3o no estadual sub-19, porta de acesso \u00e0 Copa S\u00e3o Paulo de Futebol Junior.\u00a0 A equipe, atual campe\u00e3 da competi\u00e7\u00e3o, n\u00e3o pode perder o rumo neste momento, a participa\u00e7\u00e3o no estadual e posteriormente na copinha e parte do projeto de fortalecimento de nosso futebol e, portanto n\u00e3o se pode dar ao luxo de ficar de fora destas competi\u00e7\u00f5es.<\/p>\n","protected":false},"excerpt":{"rendered":"<p>Reformas Conforme adiantado por esta coluna, o Prefeito Marcelo Iunes dar\u00e1 continuidade as reformas administrativas&#8230;<\/p>\n","protected":false},"author":6,"featured_media":0,"comment_status":"closed","ping_status":"closed","sticky":false,"template":"","format":"standard","meta":{"footnotes":""},"categories":[3],"tags":[],"class_list":["post-18415","post","type-post","status-publish","format-standard","hentry","category-artigo"],"_links":{"self":[{"href":"https:\/\/www.corumbaonline.com.br\/news\/wp-json\/wp\/v2\/posts\/18415","targetHints":{"allow":["GET"]}}],"collection":[{"href":"https:\/\/www.corumbaonline.com.br\/news\/wp-json\/wp\/v2\/posts"}],"about":[{"href":"https:\/\/www.corumbaonline.com.br\/news\/wp-json\/wp\/v2\/types\/post"}],"author":[{"embeddable":true,"href":"https:\/\/www.corumbaonline.com.br\/news\/wp-json\/wp\/v2\/users\/6"}],"replies":[{"embeddable":true,"href":"https:\/\/www.corumbaonline.com.br\/news\/wp-json\/wp\/v2\/comments?post=18415"}],"version-history":[{"count":1,"href":"https:\/\/www.corumbaonline.com.br\/news\/wp-json\/wp\/v2\/posts\/18415\/revisions"}],"predecessor-version":[{"id":18416,"href":"https:\/\/www.corumbaonline.com.br\/news\/wp-json\/wp\/v2\/posts\/18415\/revisions\/18416"}],"wp:attachment":[{"href":"https:\/\/www.corumbaonline.com.br\/news\/wp-json\/wp\/v2\/media?parent=18415"}],"wp:term":[{"taxonomy":"category","embeddable":true,"href":"https:\/\/www.corumbaonline.com.br\/news\/wp-json\/wp\/v2\/categories?post=18415"},{"taxonomy":"post_tag","embeddable":true,"href":"https:\/\/www.corumbaonline.com.br\/news\/wp-json\/wp\/v2\/tags?post=18415"}],"curies":[{"name":"wp","href":"https:\/\/api.w.org\/{rel}","templated":true}]}}