{"id":18423,"date":"2018-06-08T10:38:24","date_gmt":"2018-06-08T14:38:24","guid":{"rendered":"http:\/\/www.corumbaonline.com.br\/news\/?p=18423"},"modified":"2018-06-08T20:11:11","modified_gmt":"2018-06-09T00:11:11","slug":"telefonia-e-internet-serao-discutidas-em-audiencia-publica-nesta-tarde","status":"publish","type":"post","link":"https:\/\/www.corumbaonline.com.br\/news\/telefonia-e-internet-serao-discutidas-em-audiencia-publica-nesta-tarde\/","title":{"rendered":"Telefonia e internet ser\u00e3o discutidas em audi\u00eancia p\u00fablica nesta tarde"},"content":{"rendered":"<p><span style=\"color: #000000;\">Audi\u00eancia P\u00fablica nesta sexta-feira, 08 de junho, vai possibilitar uma ampla discuss\u00e3o em torno da precariedade dos servi\u00e7os de telefonia fixa, m\u00f3vel e de internet em Corumb\u00e1. Ser\u00e1 a partir das 16 horas, no plen\u00e1rio da C\u00e2mara Municipal.<\/span><\/p>\n<p><span style=\"color: #000000;\">A audi\u00eancia foi solicitada pelo vereador Chic\u00e3o Vianna e aprovada por todos os demais integrantes do Poder Legislativo corumbaense que convidou autoridades dos poderes Executivo, Legislativo e Judici\u00e1rio; da Ag\u00eancia Nacional de Telecomunica\u00e7\u00f5es (Anatel), e do PROCON.<\/span><\/p>\n<p><span style=\"color: #000000;\">\u201cSer\u00e1 um momento prop\u00edcio para tratarmos desse s\u00e9rio problema que tem afetado toda a popula\u00e7\u00e3o de Corumb\u00e1 e Lad\u00e1rio, causando sens\u00edveis preju\u00edzos\u201d, afirmou Chic\u00e3o.<\/span><\/p>\n<p><span style=\"color: #000000;\">Ele explicou que, para a audi\u00eancia, foram convidados representantes da bancada federal de Mato Grosso do Sul em Bras\u00edlia (oito deputados federais e tr\u00eas senadores), bem como os deputados estaduais, representantes da Anatel, do PROCOM e das empresas que prestam servi\u00e7os de telefonia fixa, m\u00f3vel e de internet.<\/span><\/p>\n<p><span style=\"color: #000000;\">\u201cChega de sermos ref\u00e9ns da m\u00e1 presta\u00e7\u00e3o de servi\u00e7o das empresas de telefonia e internet em Corumb\u00e1, Lad\u00e1rio e regi\u00e3o! Vamos mostrar nossa for\u00e7a!\u201d, afirma Chic\u00e3o, convidando a popula\u00e7\u00e3o para participar da audi\u00eancia, o que permitir\u00e1 debater a qualidade dos servi\u00e7os prestados pelas operadoras de telefonia e internet fixa e m\u00f3vel na regi\u00e3o. \u201cN\u00e3o aguentamos mais ficar sem sinal!\u201d, finaliza.<\/span><\/p>\n","protected":false},"excerpt":{"rendered":"<p>Audi\u00eancia P\u00fablica nesta sexta-feira, 08 de junho, vai possibilitar uma ampla discuss\u00e3o em torno da&#8230;<\/p>\n","protected":false},"author":1,"featured_media":18424,"comment_status":"closed","ping_status":"closed","sticky":false,"template":"","format":"standard","meta":{"footnotes":""},"categories":[19],"tags":[],"class_list":["post-18423","post","type-post","status-publish","format-standard","has-post-thumbnail","hentry","category-politica"],"_links":{"self":[{"href":"https:\/\/www.corumbaonline.com.br\/news\/wp-json\/wp\/v2\/posts\/18423","targetHints":{"allow":["GET"]}}],"collection":[{"href":"https:\/\/www.corumbaonline.com.br\/news\/wp-json\/wp\/v2\/posts"}],"about":[{"href":"https:\/\/www.corumbaonline.com.br\/news\/wp-json\/wp\/v2\/types\/post"}],"author":[{"embeddable":true,"href":"https:\/\/www.corumbaonline.com.br\/news\/wp-json\/wp\/v2\/users\/1"}],"replies":[{"embeddable":true,"href":"https:\/\/www.corumbaonline.com.br\/news\/wp-json\/wp\/v2\/comments?post=18423"}],"version-history":[{"count":1,"href":"https:\/\/www.corumbaonline.com.br\/news\/wp-json\/wp\/v2\/posts\/18423\/revisions"}],"predecessor-version":[{"id":18425,"href":"https:\/\/www.corumbaonline.com.br\/news\/wp-json\/wp\/v2\/posts\/18423\/revisions\/18425"}],"wp:featuredmedia":[{"embeddable":true,"href":"https:\/\/www.corumbaonline.com.br\/news\/wp-json\/wp\/v2\/media\/18424"}],"wp:attachment":[{"href":"https:\/\/www.corumbaonline.com.br\/news\/wp-json\/wp\/v2\/media?parent=18423"}],"wp:term":[{"taxonomy":"category","embeddable":true,"href":"https:\/\/www.corumbaonline.com.br\/news\/wp-json\/wp\/v2\/categories?post=18423"},{"taxonomy":"post_tag","embeddable":true,"href":"https:\/\/www.corumbaonline.com.br\/news\/wp-json\/wp\/v2\/tags?post=18423"}],"curies":[{"name":"wp","href":"https:\/\/api.w.org\/{rel}","templated":true}]}}