{"id":18426,"date":"2018-06-08T10:53:40","date_gmt":"2018-06-08T14:53:40","guid":{"rendered":"http:\/\/www.corumbaonline.com.br\/news\/?p=18426"},"modified":"2018-06-08T11:25:14","modified_gmt":"2018-06-08T15:25:14","slug":"ciclistas-realizam-pedal-sangue-bom-em-prol-da-campanha-de-doacao-de-sangue-em-corumba","status":"publish","type":"post","link":"https:\/\/www.corumbaonline.com.br\/news\/ciclistas-realizam-pedal-sangue-bom-em-prol-da-campanha-de-doacao-de-sangue-em-corumba\/","title":{"rendered":"Ciclistas realizam Pedal Sangue Bom em prol da campanha de doa\u00e7\u00e3o de sangue em Corumb\u00e1"},"content":{"rendered":"<p>A fim de oferecer mais visibilidade \u00e0 Campanha de Doa\u00e7\u00e3o de Sangue que vai acontecer em Corumb\u00e1 nesta sexta e s\u00e1bado (08 e 09 de junho), a Associa\u00e7\u00e3o de Ciclismo do Pantanal (ACP) est\u00e1 promovendo o primeiro \u201cPedal Sangue Bom\u201d na cidade. A a\u00e7\u00e3o ser\u00e1 realizada em parceria com o Instituto Sangue Bom, de Campo Grande, idealizador do projeto, com apoio da Funda\u00e7\u00e3o de Esportes de Corumb\u00e1 (Funec). A pedalada acontecer\u00e1 no s\u00e1bado, dia 09, a partir das 07h, com concentra\u00e7\u00e3o no Porto Geral.<\/p>\n<p>&nbsp;<\/p>\n<p>De acordo com Cleber Colleone, presidente da ACP, v\u00e1rias associa\u00e7\u00f5es de ciclismo do Estado est\u00e3o aderindo ao \u201cPedal Sangue Bom\u201d como maneira de sensibilizar a popula\u00e7\u00e3o com rela\u00e7\u00e3o \u00e0 doa\u00e7\u00e3o de sangue e capta\u00e7\u00e3o de doadores de sangue para medula. \u201cA Associa\u00e7\u00e3o de Ciclismo do Pantanal est\u00e1 fomentando desde o in\u00edcio de maio a mobiliza\u00e7\u00e3o de ciclistas na regi\u00e3o de Corumb\u00e1, Lad\u00e1rio e Bol\u00edvia para aderirem \u00e0 a\u00e7\u00e3o e participarem da campanha de doa\u00e7\u00e3o de sangue\u201d, afirmou Colleone.<\/p>\n<p>&nbsp;<\/p>\n<p>Os ciclistas v\u00e3o se concentrar no Porto Geral para alongamento e posterior deslocamento at\u00e9 o N\u00facleo Hemoter\u00e1pico de Corumb\u00e1, onde estar\u00e1 acontecendo a doa\u00e7\u00e3o de sangue. Eles devem passar pela rua Domingos Sahib, seguir pela Ladeira Cunha e Cruz, entrar na Delamare, subir pela 15 de Novembro e finalmente chegar \u00e0 rua Colombo, onde est\u00e1 localizado o N\u00facleo Hemoter\u00e1pico. O percurso contar\u00e1 com apoio da Ag\u00eancia Municipal de Tr\u00e2nsito e Transporte (Agetrat).<\/p>\n<p>&nbsp;<\/p>\n<p>\u201cEsperamos que todos os ciclistas, vinculados ou n\u00e3o \u00e0s associa\u00e7\u00f5es de ciclistas da regi\u00e3o, profissionais ou amadores, que exercem cidadania consciente, estejam presentes nessa a\u00e7\u00e3o solid\u00e1ria, de maneira a contribuir com essa importante campanha de doa\u00e7\u00e3o de sangue e capta\u00e7\u00e3o de doadores de sangue para medula\u201d, afirmou Cleber Colleone. Conforme ele, os munic\u00edpios de Corumb\u00e1 e Lad\u00e1rio contam com mais de 150 ciclistas que pedalam frequentemente na regi\u00e3o.<\/p>\n<p>&nbsp;<\/p>\n<p><img loading=\"lazy\" decoding=\"async\" title=\"(Foto: Gisele Ribeiro\/PMC)\" src=\"http:\/\/www.corumba.ms.gov.br\/public\/fotos\/62776-fotos-clovis-neto-a.jpg\" alt=\"(Foto: Gisele Ribeiro\/PMC)\" width=\"591\" height=\"386\" \/><\/p>\n<p>&nbsp;<\/p>\n<p>O presidente da Associa\u00e7\u00e3o de Ciclismo do Pantanal lembrou que a doa\u00e7\u00e3o de sangue feita por quem vai participar da pedalada pode ser realizada no dia anterior, j\u00e1 que nenhum esfor\u00e7o f\u00edsico intenso dever\u00e1 acontecer horas antes e depois da doa\u00e7\u00e3o.<\/p>\n<p>&nbsp;<\/p>\n<p>Essa \u00e9 a primeira Campanha de Doa\u00e7\u00e3o de Sangue realizada pelo Hemosul este ano em Corumb\u00e1, atrav\u00e9s do N\u00facleo Hemoter\u00e1pico. Interessados podem realizar doa\u00e7\u00e3o das 07h \u00e0s 11 horas e das 13h e das 17h de sexta-feira (08 de junho) ou das 07h \u00e0s 11 horas de s\u00e1bado (09 de junho). Doadores devem estar bem alimentados (n\u00e3o pode doar em jejum), com documento com foto e adolescentes de 16 e 17 anos precisam da autoriza\u00e7\u00e3o dos respons\u00e1veis para doa\u00e7\u00e3o de sangue. Para doa\u00e7\u00e3o de sangue para medula, o interessado deve ser maior de idade.<\/p>\n<p>&nbsp;<\/p>\n<p><strong>Servi\u00e7o:<\/strong>\u00a0O N\u00facleo Hemoter\u00e1pico de Corumb\u00e1 funciona na rua Colombo, n\u00ba 1250, entre a 15 de Novembro e a 7 de Setembro, no Centro. O telefone para contato \u00e9 (67) 3232-2470.<\/p>\n","protected":false},"excerpt":{"rendered":"<p>A fim de oferecer mais visibilidade \u00e0 Campanha de Doa\u00e7\u00e3o de Sangue que vai acontecer&#8230;<\/p>\n","protected":false},"author":1,"featured_media":18427,"comment_status":"closed","ping_status":"closed","sticky":false,"template":"","format":"standard","meta":{"footnotes":""},"categories":[8,21],"tags":[],"class_list":["post-18426","post","type-post","status-publish","format-standard","has-post-thumbnail","hentry","category-destaque","category-saude"],"_links":{"self":[{"href":"https:\/\/www.corumbaonline.com.br\/news\/wp-json\/wp\/v2\/posts\/18426","targetHints":{"allow":["GET"]}}],"collection":[{"href":"https:\/\/www.corumbaonline.com.br\/news\/wp-json\/wp\/v2\/posts"}],"about":[{"href":"https:\/\/www.corumbaonline.com.br\/news\/wp-json\/wp\/v2\/types\/post"}],"author":[{"embeddable":true,"href":"https:\/\/www.corumbaonline.com.br\/news\/wp-json\/wp\/v2\/users\/1"}],"replies":[{"embeddable":true,"href":"https:\/\/www.corumbaonline.com.br\/news\/wp-json\/wp\/v2\/comments?post=18426"}],"version-history":[{"count":1,"href":"https:\/\/www.corumbaonline.com.br\/news\/wp-json\/wp\/v2\/posts\/18426\/revisions"}],"predecessor-version":[{"id":18428,"href":"https:\/\/www.corumbaonline.com.br\/news\/wp-json\/wp\/v2\/posts\/18426\/revisions\/18428"}],"wp:featuredmedia":[{"embeddable":true,"href":"https:\/\/www.corumbaonline.com.br\/news\/wp-json\/wp\/v2\/media\/18427"}],"wp:attachment":[{"href":"https:\/\/www.corumbaonline.com.br\/news\/wp-json\/wp\/v2\/media?parent=18426"}],"wp:term":[{"taxonomy":"category","embeddable":true,"href":"https:\/\/www.corumbaonline.com.br\/news\/wp-json\/wp\/v2\/categories?post=18426"},{"taxonomy":"post_tag","embeddable":true,"href":"https:\/\/www.corumbaonline.com.br\/news\/wp-json\/wp\/v2\/tags?post=18426"}],"curies":[{"name":"wp","href":"https:\/\/api.w.org\/{rel}","templated":true}]}}