{"id":18429,"date":"2018-06-08T11:11:28","date_gmt":"2018-06-08T15:11:28","guid":{"rendered":"http:\/\/www.corumbaonline.com.br\/news\/?p=18429"},"modified":"2018-06-08T11:26:29","modified_gmt":"2018-06-08T15:26:29","slug":"caminhoneiros-e-tecnicos-da-antt-se-reunem-para-discutir-frete-minimo","status":"publish","type":"post","link":"https:\/\/www.corumbaonline.com.br\/news\/caminhoneiros-e-tecnicos-da-antt-se-reunem-para-discutir-frete-minimo\/","title":{"rendered":"Caminhoneiros e t\u00e9cnicos da ANTT se re\u00fanem para discutir frete m\u00ednimo"},"content":{"rendered":"<p>Representantes de caminhoneiros e t\u00e9cnicos da Ag\u00eancia Nacional de Transportes Terrestres (ANTT) est\u00e3o reunidos na sede da autarquia, em Bras\u00edlia, para discutir a possibilidade de ajustes na nova tabela com pre\u00e7o m\u00ednimo do frete para o transporte rodovi\u00e1rio de cargas, publicada ontem (7).<\/p>\n<p>O pr\u00f3prio presidente Michel Temer anunciou, nessa quinta, que a Casa Civil e o Minist\u00e9rio dos Transportes estudavam &#8220;uma adapta\u00e7\u00e3o \u00e0 tabela dos pre\u00e7os m\u00ednimos do frete&#8221; para que os caminhoneiros tenham condi\u00e7\u00f5es de trabalho, sem que a economia seja abalada.<\/p>\n<p>A tabela hoje em vigor \u00e9 a segunda a ser publicada pelo governo federal. Com a suspens\u00e3o do texto, que deve ser ainda publicada no\u00a0<em>Di\u00e1rio Oficial da Uni\u00e3o<\/em>, voltar\u00e1 a vigorar a primeira vers\u00e3o, do dia 30 de maio.<\/p>\n<p>As duas tabelas s\u00e3o alvos de uma disputa de interesses entre caminhoneiros e representantes do setor produtivo. De um lado, donos de transportadoras rodovi\u00e1rias e caminhoneiros aut\u00f4nomos se queixam de que os valores hoje pagos pelo frete mal cobrem os custos das viagens, com combust\u00edvel, ped\u00e1gio, alimenta\u00e7\u00e3o e manuten\u00e7\u00e3o do ve\u00edculo. De outro lado, empres\u00e1rios de outros setores, principalmente do segmento agropecu\u00e1rio, alegam que o estabelecimento de um valor m\u00ednimo para o frete limita a concorr\u00eancia e aumenta os custos de transporte de cargas.<\/p>\n<p>O tabelamento do frete foi uma das reivindica\u00e7\u00f5es de caminhoneiros atendidas pelo governo no fim do m\u00eas passado para tentar terminar com a paralisa\u00e7\u00e3o que durou 11 dias, afetando amplos setores da economia.<\/p>\n<p>De acordo com a assessoria da ANTT, a reuni\u00e3o de hoje n\u00e3o deve ser conclusiva. Os t\u00e9cnicos da ag\u00eancia receber\u00e3o as contribui\u00e7\u00f5es dos representantes dos caminhoneiros e continuar\u00e3o \u201caprofundando as discuss\u00f5es sobre a mat\u00e9ria\u201d a fim de cumprir a decis\u00e3o de suspender os efeitos da resolu\u00e7\u00e3o de ontem.<\/p>\n","protected":false},"excerpt":{"rendered":"<p>Representantes de caminhoneiros e t\u00e9cnicos da Ag\u00eancia Nacional de Transportes Terrestres (ANTT) est\u00e3o reunidos na&#8230;<\/p>\n","protected":false},"author":1,"featured_media":0,"comment_status":"closed","ping_status":"closed","sticky":false,"template":"","format":"standard","meta":{"footnotes":""},"categories":[14],"tags":[],"class_list":["post-18429","post","type-post","status-publish","format-standard","hentry","category-geral"],"_links":{"self":[{"href":"https:\/\/www.corumbaonline.com.br\/news\/wp-json\/wp\/v2\/posts\/18429","targetHints":{"allow":["GET"]}}],"collection":[{"href":"https:\/\/www.corumbaonline.com.br\/news\/wp-json\/wp\/v2\/posts"}],"about":[{"href":"https:\/\/www.corumbaonline.com.br\/news\/wp-json\/wp\/v2\/types\/post"}],"author":[{"embeddable":true,"href":"https:\/\/www.corumbaonline.com.br\/news\/wp-json\/wp\/v2\/users\/1"}],"replies":[{"embeddable":true,"href":"https:\/\/www.corumbaonline.com.br\/news\/wp-json\/wp\/v2\/comments?post=18429"}],"version-history":[{"count":1,"href":"https:\/\/www.corumbaonline.com.br\/news\/wp-json\/wp\/v2\/posts\/18429\/revisions"}],"predecessor-version":[{"id":18430,"href":"https:\/\/www.corumbaonline.com.br\/news\/wp-json\/wp\/v2\/posts\/18429\/revisions\/18430"}],"wp:attachment":[{"href":"https:\/\/www.corumbaonline.com.br\/news\/wp-json\/wp\/v2\/media?parent=18429"}],"wp:term":[{"taxonomy":"category","embeddable":true,"href":"https:\/\/www.corumbaonline.com.br\/news\/wp-json\/wp\/v2\/categories?post=18429"},{"taxonomy":"post_tag","embeddable":true,"href":"https:\/\/www.corumbaonline.com.br\/news\/wp-json\/wp\/v2\/tags?post=18429"}],"curies":[{"name":"wp","href":"https:\/\/api.w.org\/{rel}","templated":true}]}}