{"id":18431,"date":"2018-06-08T11:28:58","date_gmt":"2018-06-08T15:28:58","guid":{"rendered":"http:\/\/www.corumbaonline.com.br\/news\/?p=18431"},"modified":"2018-06-08T11:28:58","modified_gmt":"2018-06-08T15:28:58","slug":"juiz-implementa-projeto-para-reeducacao-de-jovens-infratores-em-corumba","status":"publish","type":"post","link":"https:\/\/www.corumbaonline.com.br\/news\/juiz-implementa-projeto-para-reeducacao-de-jovens-infratores-em-corumba\/","title":{"rendered":"Juiz implementa projeto para reeduca\u00e7\u00e3o de jovens infratores em Corumb\u00e1"},"content":{"rendered":"<p>Mais uma proposta da magistratura sul-mato-grossense para reeduca\u00e7\u00e3o de jovens infratores voltou \u00e0s atividades. Desta vez, no dia 22 de maio, retornaram as a\u00e7\u00f5es do Projeto Bola pra Frente, que atende adolescentes em conflito com a lei internados na Unei-Pantanal, em Corumb\u00e1.<\/p>\n<p>O projeto come\u00e7ou com o juiz Andr\u00e9 Luiz Monteiro, que \u00e0 \u00e9poca judicava na \u00e1rea infracional, e atualmente \u00e9 acompanhado pelo juiz Deyvis Ecco, respons\u00e1vel pela apura\u00e7\u00e3o de atos infracionais e execu\u00e7\u00e3o de medidas socioeducativas na comarca de Corumb\u00e1.<\/p>\n<p>A iniciativa possibilita que os jovens tenham aulas de t\u00eanis na Associa\u00e7\u00e3o dos Tenistas de Corumb\u00e1. Ressalte-se que a pr\u00e1tica esportiva e o conv\u00edvio em comunidade s\u00e3o formas de promover o desenvolvimento pessoal, contribuindo para a n\u00e3o reincid\u00eancia de atos infracionais, visando o retorno destes \u00e0 sociedade, al\u00e9m de desenvolver a consci\u00eancia da import\u00e2ncia dos estudos.<\/p>\n<p>Colaboram com o projeto o Conselho da Comunidade de Corumb\u00e1, por meio do presidente Alex da Silva Cristaldo, a promotora Ludmila de Paula Castro Silva; os defensores p\u00fablicos Daniel Provenzano Pereira e Carlos Felipe Guadanhim Bariani; o presidente da Associa\u00e7\u00e3o de Tenistas de Corumb\u00e1, Marcelo de Barros Ribeiro Dantas, o professor de t\u00eanis Orlando Papa Jr, e o diretor da Unei -Pantanal, Jos\u00e9 Domingos Martinez Camargo.<\/p>\n","protected":false},"excerpt":{"rendered":"<p>Mais uma proposta da magistratura sul-mato-grossense para reeduca\u00e7\u00e3o de jovens infratores voltou \u00e0s atividades. Desta&#8230;<\/p>\n","protected":false},"author":1,"featured_media":18432,"comment_status":"closed","ping_status":"closed","sticky":false,"template":"","format":"standard","meta":{"footnotes":""},"categories":[8,14],"tags":[],"class_list":["post-18431","post","type-post","status-publish","format-standard","has-post-thumbnail","hentry","category-destaque","category-geral"],"_links":{"self":[{"href":"https:\/\/www.corumbaonline.com.br\/news\/wp-json\/wp\/v2\/posts\/18431","targetHints":{"allow":["GET"]}}],"collection":[{"href":"https:\/\/www.corumbaonline.com.br\/news\/wp-json\/wp\/v2\/posts"}],"about":[{"href":"https:\/\/www.corumbaonline.com.br\/news\/wp-json\/wp\/v2\/types\/post"}],"author":[{"embeddable":true,"href":"https:\/\/www.corumbaonline.com.br\/news\/wp-json\/wp\/v2\/users\/1"}],"replies":[{"embeddable":true,"href":"https:\/\/www.corumbaonline.com.br\/news\/wp-json\/wp\/v2\/comments?post=18431"}],"version-history":[{"count":1,"href":"https:\/\/www.corumbaonline.com.br\/news\/wp-json\/wp\/v2\/posts\/18431\/revisions"}],"predecessor-version":[{"id":18433,"href":"https:\/\/www.corumbaonline.com.br\/news\/wp-json\/wp\/v2\/posts\/18431\/revisions\/18433"}],"wp:featuredmedia":[{"embeddable":true,"href":"https:\/\/www.corumbaonline.com.br\/news\/wp-json\/wp\/v2\/media\/18432"}],"wp:attachment":[{"href":"https:\/\/www.corumbaonline.com.br\/news\/wp-json\/wp\/v2\/media?parent=18431"}],"wp:term":[{"taxonomy":"category","embeddable":true,"href":"https:\/\/www.corumbaonline.com.br\/news\/wp-json\/wp\/v2\/categories?post=18431"},{"taxonomy":"post_tag","embeddable":true,"href":"https:\/\/www.corumbaonline.com.br\/news\/wp-json\/wp\/v2\/tags?post=18431"}],"curies":[{"name":"wp","href":"https:\/\/api.w.org\/{rel}","templated":true}]}}