{"id":18448,"date":"2018-06-08T15:15:56","date_gmt":"2018-06-08T19:15:56","guid":{"rendered":"http:\/\/www.corumbaonline.com.br\/news\/?p=18448"},"modified":"2018-06-08T15:07:18","modified_gmt":"2018-06-08T19:07:18","slug":"municipio-segue-com-acoes-de-rotina-contra-o-aedes-aegypti","status":"publish","type":"post","link":"https:\/\/www.corumbaonline.com.br\/news\/municipio-segue-com-acoes-de-rotina-contra-o-aedes-aegypti\/","title":{"rendered":"Munic\u00edpio segue com a\u00e7\u00f5es de rotina contra o Aedes aegypti"},"content":{"rendered":"<p>Boletim epidemiol\u00f3gico da Vigil\u00e2ncia em Sa\u00fade mostra que durante a Semana 21 de 2018 (referente ao per\u00edodo de 20 a 26 de maio) foram visitados 1.275 im\u00f3veis nas atividades de rotina combate ao mosquito Aedes aegypti.<\/p>\n<p>&nbsp;<\/p>\n<p>Nestes locais, as equipes da Secretaria Municipal de Sa\u00fade realizaram a elimina\u00e7\u00e3o de focos, com o objetivo de impossibilitar o desenvolvimento do vetor e orienta\u00e7\u00e3o junto aos moradores para que evitem o ac\u00famulo de materiais que possam favorecer o dep\u00f3sito de ovos do mosquito transmissor da dengue, zika v\u00edrus e chikungunya.<\/p>\n<p>&nbsp;<\/p>\n<p>A equipe de bloqueio mec\u00e2nico realizou a\u00e7\u00f5es na micro \u00e1rea Detran. Houve a execu\u00e7\u00e3o de manejo ambiental em todos os casos notificados. As equipes da Secretaria de Sa\u00fade promoveram a\u00e7\u00e3o educativa com orienta\u00e7\u00f5es de combate aos vetores, oficinas de repelente natural (citronela e cravo da \u00edndia) e mosquitoeira.<\/p>\n<p>&nbsp;<\/p>\n<p>O boletim epidemiol\u00f3gico traz informa\u00e7\u00f5es referentes \u00e0 dengue, zika v\u00edrus; chikungunya; leishmaniose e viol\u00eancia e Vigil\u00e2ncia Ambiental em Sa\u00fade.<strong>\u00a0<\/strong><\/p>\n<p><strong>Dengue<\/strong><\/p>\n<p>&nbsp;<\/p>\n<p>At\u00e9 a semana 21 foram notificados 150 casos de Dengue, destes 08 foram confirmados. A dengue \u00e9 uma doen\u00e7a febril aguda, de origem viral e de evolu\u00e7\u00e3o benigna na forma cl\u00e1ssica, e grave quando se apresenta na forma hemorr\u00e1gica. Transmitida pelo mosquito Aedes aegypti, a dengue \u00e9 uma doen\u00e7a viral que se espalha rapidamente no mundo.<\/p>\n<p><strong>V\u00edrus Zika<\/strong><\/p>\n<p>&nbsp;<\/p>\n<p>At\u00e9 a semana 21 foram notificados 17 casos de Zika. A Zika \u00e9 uma doen\u00e7a viral aguda, transmitida principalmente, pelos mosquitos Aedes Aegypti e Aedes albopictus, caracterizada por exantema manchas avermelhadas na pele, febre, vermelhid\u00e3o nos olhos, dor nas articula\u00e7\u00f5es, dor de cabe\u00e7a e dores musculares. A maior parte dos casos apresentam evolu\u00e7\u00e3o benigna e os sintomas geralmente desaparecem espontaneamente ap\u00f3s 3-7 dias.<\/p>\n<p><strong>Chikungunya<\/strong><\/p>\n<p>&nbsp;<\/p>\n<p>At\u00e9 a semana 21 foram notificados 32 casos de Chikungunya destes, 04 casos foram confirmados. A transmiss\u00e3o se d\u00e1 atrav\u00e9s da picada de f\u00eameas dos mosquitos Aedes aegypti e Aedes albopictus infectadas pelo v\u00edrus. Casos de transmiss\u00e3o vertical (transmiss\u00e3o da m\u00e3e para o filho durante a gesta\u00e7\u00e3o ou durante o parto) podem ocorrer e, muitas vezes, provocam infec\u00e7\u00e3o neonatal grave. Pode ocorrer tamb\u00e9m transmiss\u00e3o por via transfusional (transfus\u00e3o de sangue), considerada rara de acordo com protocolos analisados.<\/p>\n<p><strong>Leishmaniose<\/strong><\/p>\n<p>&nbsp;<\/p>\n<p>At\u00e9 a semana epidemiol\u00f3gica 21 de 2018, foram confirmados 02 casos de Leishmaniose Visceral nos bairros Cravo Vermelho III e Popular Nova. A leishmaniose visceral era, primariamente, uma zoonose caracterizada como doen\u00e7a de car\u00e1ter eminentemente rural. Mais recentemente, vem se expandindo para \u00e1reas urbanas de m\u00e9dio e grande porte e se tornou crescente problema de sa\u00fade p\u00fablica no pa\u00eds e em outras \u00e1reas do continente americano, sendo uma endemia em franca expans\u00e3o geogr\u00e1fica. \u00c9 uma doen\u00e7a, caracterizada por febre de longa dura\u00e7\u00e3o, perda de peso, fraqueza e anemia, dentre outras manifesta\u00e7\u00f5es. Quando n\u00e3o tratada, pode evoluir para \u00f3bito em mais de 90% dos casos. No Brasil, a forma de transmiss\u00e3o \u00e9 atrav\u00e9s da picada dos vetores Lutzomyia longipalpis, ou Lutzomyia cruzi, conhecidos popularmente por \u201cmosquito palha\u201d.<\/p>\n<p>&nbsp;<\/p>\n<p><strong>Influenza<\/strong><\/p>\n<p>&nbsp;<\/p>\n<p>At\u00e9 a semana epidemiol\u00f3gica 21 foram registrados 12 casos suspeitos de infec\u00e7\u00e3o pelo v\u00edrus influenza. Comumente conhecida como gripe, a Influenza \u00e9 uma doen\u00e7a viral febril, aguda, geralmente benigna e autolimitada. Frequentemente \u00e9 caracterizada por in\u00edcio abrupto dos sintomas, incluindo febre, calafrios, tremores, dor de cabe\u00e7a, dor muscular e perda de apetite, assim como sintomas respirat\u00f3rios com tosse seca, dor de garganta e coriza. A infec\u00e7\u00e3o geralmente dura uma semana. Algumas pessoas, como idosos, crian\u00e7as novas, gestantes e pessoas que apresentam outras enfermidades possuem um risco maior de desenvolver complica\u00e7\u00f5es devido \u00e0 influenza. A vacina\u00e7\u00e3o \u00e9 a interven\u00e7\u00e3o mais importante na redu\u00e7\u00e3o do impacto da influenza.<\/p>\n<p><strong>\u00a0<\/strong><\/p>\n<p><strong>Vigil\u00e2ncia Ambiental em Sa\u00fade<\/strong><\/p>\n<p>&nbsp;<\/p>\n<p>A Vigil\u00e2ncia Ambiental em Sa\u00fade \u00e9 um conjunto de a\u00e7\u00f5es que proporciona o conhecimento e a detec\u00e7\u00e3o de qualquer mudan\u00e7a nos fatores determinantes e condicionantes do meio ambiente que interferem na sa\u00fade humana, com a finalidade de identificar as medidas de preven\u00e7\u00e3o e controle dos fatores de risco ambientais relacionados \u00e0s doen\u00e7as ou outros agravos \u00e0 sa\u00fade.<\/p>\n<p>&nbsp;<\/p>\n<p>Entre as atividades realizadas est\u00e3o o cadastro de im\u00f3veis e distribui\u00e7\u00e3o de hipoclorito de s\u00f3dio, coleta e analise de \u00e1gua para consumo humano e visitas t\u00e9cnicas e capturas de animais pe\u00e7onhentos. At\u00e9 semana 21 foram 90 visitas t\u00e9cnicas a im\u00f3veis nos bairros Guan\u00e3, Guat\u00f3s, Nova Corumb\u00e1 e Popular Nova; com a captura de 19 animais pe\u00e7onhentos.<\/p>\n","protected":false},"excerpt":{"rendered":"<p>Boletim epidemiol\u00f3gico da Vigil\u00e2ncia em Sa\u00fade mostra que durante a Semana 21 de 2018 (referente&#8230;<\/p>\n","protected":false},"author":1,"featured_media":18449,"comment_status":"closed","ping_status":"closed","sticky":false,"template":"","format":"standard","meta":{"footnotes":""},"categories":[8,21],"tags":[],"class_list":["post-18448","post","type-post","status-publish","format-standard","has-post-thumbnail","hentry","category-destaque","category-saude"],"_links":{"self":[{"href":"https:\/\/www.corumbaonline.com.br\/news\/wp-json\/wp\/v2\/posts\/18448","targetHints":{"allow":["GET"]}}],"collection":[{"href":"https:\/\/www.corumbaonline.com.br\/news\/wp-json\/wp\/v2\/posts"}],"about":[{"href":"https:\/\/www.corumbaonline.com.br\/news\/wp-json\/wp\/v2\/types\/post"}],"author":[{"embeddable":true,"href":"https:\/\/www.corumbaonline.com.br\/news\/wp-json\/wp\/v2\/users\/1"}],"replies":[{"embeddable":true,"href":"https:\/\/www.corumbaonline.com.br\/news\/wp-json\/wp\/v2\/comments?post=18448"}],"version-history":[{"count":1,"href":"https:\/\/www.corumbaonline.com.br\/news\/wp-json\/wp\/v2\/posts\/18448\/revisions"}],"predecessor-version":[{"id":18450,"href":"https:\/\/www.corumbaonline.com.br\/news\/wp-json\/wp\/v2\/posts\/18448\/revisions\/18450"}],"wp:featuredmedia":[{"embeddable":true,"href":"https:\/\/www.corumbaonline.com.br\/news\/wp-json\/wp\/v2\/media\/18449"}],"wp:attachment":[{"href":"https:\/\/www.corumbaonline.com.br\/news\/wp-json\/wp\/v2\/media?parent=18448"}],"wp:term":[{"taxonomy":"category","embeddable":true,"href":"https:\/\/www.corumbaonline.com.br\/news\/wp-json\/wp\/v2\/categories?post=18448"},{"taxonomy":"post_tag","embeddable":true,"href":"https:\/\/www.corumbaonline.com.br\/news\/wp-json\/wp\/v2\/tags?post=18448"}],"curies":[{"name":"wp","href":"https:\/\/api.w.org\/{rel}","templated":true}]}}